{"id":8814,"date":"2026-05-02T11:04:50","date_gmt":"2026-05-02T11:04:50","guid":{"rendered":"https:\/\/haberadmin.com\/?p=8814"},"modified":"2026-05-02T11:04:50","modified_gmt":"2026-05-02T11:04:50","slug":"ihdden-73-haftada-mustafa-suman-icin-adalet-cagrisi","status":"publish","type":"post","link":"https:\/\/haberadmin.com\/?p=8814","title":{"rendered":"\u0130HD&#8217;den 73. haftada Mustafa Suman i\u00e7in adalet \u00e7a\u011fr\u0131s\u0131!"},"content":{"rendered":"<p>\u015eanl\u0131urfa\u2019da \u0130nsan Haklar\u0131 Derne\u011fi, g\u00f6zalt\u0131nda kay\u0131plar ger\u00e7e\u011fi ile inkar ve cezas\u0131zl\u0131k politikalar\u0131na dikkat \u00e7ekmek amac\u0131yla 73 haftad\u0131r hakikat ve adalet aray\u0131\u015f\u0131n\u0131 s\u00fcrd\u00fcr\u00fcyor. <\/p>\n","protected":false},"excerpt":{"rendered":"<p>\u015eanl\u0131urfa\u2019da \u0130nsan Haklar\u0131 Derne\u011fi, g\u00f6zalt\u0131nda kay\u0131plar ger\u00e7e\u011fi ile inkar ve cezas\u0131zl\u0131k politikalar\u0131na dikkat \u00e7ekmek amac\u0131yla&#8230;<\/p>\n","protected":false},"author":1,"featured_media":0,"comment_status":"closed","ping_status":"open","sticky":false,"template":"","format":"standard","meta":{"footnotes":""},"categories":[1],"tags":[],"class_list":["post-8814","post","type-post","status-publish","format-standard","hentry","category-gundem"],"_links":{"self":[{"href":"https:\/\/haberadmin.com\/index.php?rest_route=\/wp\/v2\/posts\/8814","targetHints":{"allow":["GET"]}}],"collection":[{"href":"https:\/\/haberadmin.com\/index.php?rest_route=\/wp\/v2\/posts"}],"about":[{"href":"https:\/\/haberadmin.com\/index.php?rest_route=\/wp\/v2\/types\/post"}],"author":[{"embeddable":true,"href":"https:\/\/haberadmin.com\/index.php?rest_route=\/wp\/v2\/users\/1"}],"replies":[{"embeddable":true,"href":"https:\/\/haberadmin.com\/index.php?rest_route=%2Fwp%2Fv2%2Fcomments&post=8814"}],"version-history":[{"count":0,"href":"https:\/\/haberadmin.com\/index.php?rest_route=\/wp\/v2\/posts\/8814\/revisions"}],"wp:attachment":[{"href":"https:\/\/haberadmin.com\/index.php?rest_route=%2Fwp%2Fv2%2Fmedia&parent=8814"}],"wp:term":[{"taxonomy":"category","embeddable":true,"href":"https:\/\/haberadmin.com\/index.php?rest_route=%2Fwp%2Fv2%2Fcategories&post=8814"},{"taxonomy":"post_tag","embeddable":true,"href":"https:\/\/haberadmin.com\/index.php?rest_route=%2Fwp%2Fv2%2Ftags&post=8814"}],"curies":[{"name":"wp","href":"https:\/\/api.w.org\/{rel}","templated":true}]}}