{"id":8811,"date":"2026-05-02T10:35:11","date_gmt":"2026-05-02T10:35:11","guid":{"rendered":"https:\/\/haberadmin.com\/?p=8811"},"modified":"2026-05-02T10:35:11","modified_gmt":"2026-05-02T10:35:11","slug":"genc-hastaya-ikinci-sans-kopan-sinirler-bacagindan-alinan-nakille-onarildi","status":"publish","type":"post","link":"https:\/\/haberadmin.com\/?p=8811","title":{"rendered":"Gen\u00e7 hastaya ikinci \u015fans: Kopan sinirler baca\u011f\u0131ndan al\u0131nan nakille onar\u0131ld\u0131!"},"content":{"rendered":"<p>\u015eanl\u0131urfa&#8217;da 4 ay \u00f6nce ge\u00e7irdi\u011fi motosiklet kazas\u0131nda boynundan koluna uzanan sinirleri kopan 24 ya\u015f\u0131ndaki \u0130smail Esnik, fel\u00e7 riskiyle kar\u015f\u0131 kar\u015f\u0131ya kald\u0131.\u00a0\u015eanl\u0131urfa&#8217;daki ilk m\u00fcdahalenin ard\u0131ndan Ankara Bilkent \u015eehir Hastanesi&#8217;ne sevk edilen Esnik, yakla\u015f\u0131k 10 saat s\u00fcren zorlu ameliyat\u0131n ard\u0131ndan yeniden umutla hayata ba\u011fland\u0131.<br \/> Esnik&#8217;in baca\u011f\u0131ndan al\u0131nan sinirlerin koluna nakledildi\u011fi operasyon sayesinde a\u011f\u0131r fonksiyon kayb\u0131 ve olas\u0131 fel\u00e7 tablosunun \u00f6n\u00fcne ge\u00e7ilirken, doktorlar hastan\u0131n kolunu tamamen eskisi gibi kullanamayaca\u011f\u0131n\u0131 ancak d\u00fczenli fizik tedaviyle \u00f6nemli \u00f6l\u00e7\u00fcde iyile\u015fme sa\u011flanabilece\u011fini belirtti.<br \/> Hasta \u0130smail Esnik, ya\u015fad\u0131\u011f\u0131 s\u00fcreci anlatarak \u00f6nce\u00a0\u015eanl\u0131urfa&#8217;da ameliyat oldu\u011funu, daha sonra Ankara&#8217;ya sevk edildi\u011fini s\u00f6yledi. Esnik, &#8220;Yakla\u015f\u0131k 1 ay \u00f6nce de ameliyat\u0131m\u0131z oldu. \u015eimdi de kontrole geldik. Eskiye g\u00f6re biraz iyiyim&#8221; dedi.<\/p>\n<p><strong>&#8220;MORAL \u00c7OK \u00d6NEML\u0130&#8221;<\/strong><br \/> \u0130yile\u015fmek istedi\u011fini dile getiren Esnik, &#8220;Uzun bir s\u00fcre\u00e7 bekliyor bizi. Fizik tedavi olarak, kontrol, gidip gelmek olarak. Fizik tedavi s\u00fcrekli olarak gitmek istiyorum. Moral \u00e7ok \u00f6nemli. Moralimiz de iyi \u015fu anl\u0131k. Fizik tedavide iyi sonu\u00e7lan\u0131rsa, az da olsa faydas\u0131n\u0131 g\u00f6r\u00fcrsek devam ederiz. \u0130n\u015fallah k\u0131sa s\u00fcrede iyile\u015fme olur&#8221; a\u00e7\u0131klamas\u0131n\u0131 yapt\u0131.<\/p>\n<p> <strong>&#8220;SA\u011eLAM K\u00d6KLERDEN\u00a0S\u0130N\u0130R\u00a0AMEL\u0130YATI\u00a0YAPTIK&#8221;<\/strong><br \/> Ankara Bilkent \u015eehir Hastanesi El Cerrahisi Klini\u011fi&#8217;nden Uzm. Dr. Yener Yo\u011fun, hastan\u0131n\u00a0\u015eanl\u0131urfa&#8217;dan Ankara&#8217;ya sevk edildi\u011fini belirterek &#8220;Hastam\u0131za yapt\u0131\u011f\u0131m\u0131z ameliyat, boyundan ba\u015flay\u0131p kola do\u011fru uzanan b\u00fcy\u00fck bir kesiyle tek tek sinirleri bulup, sa\u011flam sinirleri bulup, kola giden sinirleri bacandan ald\u0131\u011f\u0131m\u0131z sinirle sinir yamas\u0131 yapt\u0131k. Yani tekrardan yap\u0131land\u0131rd\u0131k. O sa\u011flam k\u00f6klerden tekrardan hareket ettirebilmesi i\u00e7in sinir ameliyat\u0131 yapt\u0131k&#8221; ifadelerini kulland\u0131.<br \/> Hastan\u0131n kolunun tamamen hareketsiz oldu\u011funu, ama bu y\u00f6ntemle ve devam\u0131nda fizik tedaviyle en iyi \u015fekilde hareket etmesini sa\u011flayacaklar\u0131n\u0131 dile getiren Yo\u011fun, tedavi s\u00fcrecinin uzun ve sab\u0131r gerektirdi\u011fini s\u00f6yledi.<\/p>\n<p> <strong>&#8220;70-80 DERECEY\u0130 G\u00d6RD\u00dc\u011e\u00dcM\u00dcZ ZAMAN BA\u015eARILI SONU\u00c7 OLARAK KABUL ED\u0130YORUZ&#8221;<\/strong><br \/> Bu t\u00fcr hastalar\u0131n kollar\u0131n\u0131 eskisi gibi hareket ettiremeyecek olsa bile d\u00fczenli tedaviyle y\u00fcksek oranda iyile\u015fme sa\u011flayabilece\u011fini anlatan Yo\u011fun, &#8220;Bu hastan\u0131n asl\u0131nda T\u00fcrk\u00e7edeki kar\u015f\u0131l\u0131\u011f\u0131 fel\u00e7. Bu ameliyatlarda biraz hareket kazand\u0131rabiliyoruz ama ikinci ameliyatlar da gerekebiliyor. En ba\u015ftan hastaya g\u00fczel bilgi vermek gerekiyor. Hastan\u0131n beklentisini doktorun \u00f6\u011frenmesi gerekiyor. Hastan\u0131n beklentisi farkl\u0131, bizim bu ameliyatla elde edece\u011fimiz sonu\u00e7 farkl\u0131. O y\u00fczden bizim bu ameliyat\u0131n sonu\u00e7lar\u0131n\u0131 hastaya g\u00fczel bir \u015fekilde anlatmam\u0131z gerekiyor. Bu ameliyatlarda maalesef el hi\u00e7bir zaman eskisi gibi olmuyor. Parmaklar hi\u00e7bir zaman eskisi gibi hareket etmiyor. En g\u00fczel hastada bile omuzunu kald\u0131rabiliyor ama yine eskisi gibi olmuyor. Biz omuzumuzu 130-140 derece kadar havaya kald\u0131rabiliyoruz ama bu hastalarda 70-80 dereceyi g\u00f6rd\u00fc\u011f\u00fcm\u00fcz zaman ba\u015far\u0131l\u0131 sonu\u00e7 olarak kabul ediyoruz&#8221; \u015feklinde konu\u015ftu.<\/p>\n<p><strong>&#8220;B\u0130Z\u0130M \u0130\u00c7\u0130N B\u0130R G\u00dcNL\u00dcK B\u0130R AMEL\u0130YATTI&#8221;<\/strong><\/p>\n<p>Uzm. Dr. Mustafa Yasin Hatipo\u011flu ise, ameliyat\u0131n uzun s\u00fcrd\u00fc\u011f\u00fcn\u00fc aktararak &#8220;Ameliyat zor bir ameliyat, uzun s\u00fcreli bir ameliyat oldu\u011fu i\u00e7in birden fazla doktor g\u00f6rev al\u0131r bu ameliyatlarda. Biz de zaten burada ekip\u00e7e \u00e7al\u0131\u015f\u0131yoruz. Bizim i\u00e7in bir g\u00fcnl\u00fck bir ameliyatt\u0131. B\u00f6yle bir hastada da a\u00e7\u0131k\u00e7as\u0131 iyile\u015fmenin en az bir y\u0131l ve \u00fczeri s\u00fcre\u00e7te olaca\u011f\u0131n\u0131 d\u00fc\u015f\u00fcn\u00fcyoruz. Tabi bu s\u00fcre\u00e7te iyi de fizik tedavi deste\u011fine ihtiyac\u0131 var&#8221; diye konu\u015ftu.<\/p>\n<p> <strong>&#8220;G\u00dcNL\u00dcK YA\u015eATISINDA EL\u0130N\u0130 KULLANILAB\u0130LECEK HALE GELEB\u0130LECE\u011e\u0130N\u0130 D\u00dc\u015e\u00dcN\u00dcYORUZ, AZ\u0130ML\u0130 OLMASI LAZIM&#8221;<\/strong><br \/> Hastan\u0131n motivasyonunu y\u00fcksek tutmas\u0131 gerekti\u011finin alt\u0131n\u0131 \u00e7izen Hatipo\u011flu, &#8220;Kesinlikle umudu kaybetmemek laz\u0131m. Sonu\u00e7ta \u00e7ok k\u00f6t\u00fc bir yaralanma da olsa iyile\u015fme ihtimali var. Her ne kadar di\u011fer kolu kadar kusursuz iyile\u015fmeyecek olsa da gene de g\u00fcnl\u00fck ya\u015fant\u0131s\u0131nda elini kullanabilecek hale gelebilece\u011fini d\u00fc\u015f\u00fcn\u00fcyoruz. Azimli de olmas\u0131 laz\u0131m, sadece cerrahi de\u011fil bundan sonraki fizik tedavi s\u00fcrecinde hastan\u0131n bu tedaviye uyum sa\u011flamas\u0131 gerekiyor ve hastan\u0131n istekli olmas\u0131 gerekiyor. Hastaya da ba\u011f\u0131ml\u0131 bir durum&#8221; dedi.<\/p>\n","protected":false},"excerpt":{"rendered":"<p>\u015eanl\u0131urfa&#8217;da 4 ay \u00f6nce ge\u00e7irdi\u011fi motosiklet kazas\u0131nda boynundan koluna uzanan sinirleri kopan 24 ya\u015f\u0131ndaki \u0130smail&#8230;<\/p>\n","protected":false},"author":1,"featured_media":0,"comment_status":"closed","ping_status":"open","sticky":false,"template":"","format":"standard","meta":{"footnotes":""},"categories":[1],"tags":[],"class_list":["post-8811","post","type-post","status-publish","format-standard","hentry","category-gundem"],"_links":{"self":[{"href":"https:\/\/haberadmin.com\/index.php?rest_route=\/wp\/v2\/posts\/8811","targetHints":{"allow":["GET"]}}],"collection":[{"href":"https:\/\/haberadmin.com\/index.php?rest_route=\/wp\/v2\/posts"}],"about":[{"href":"https:\/\/haberadmin.com\/index.php?rest_route=\/wp\/v2\/types\/post"}],"author":[{"embeddable":true,"href":"https:\/\/haberadmin.com\/index.php?rest_route=\/wp\/v2\/users\/1"}],"replies":[{"embeddable":true,"href":"https:\/\/haberadmin.com\/index.php?rest_route=%2Fwp%2Fv2%2Fcomments&post=8811"}],"version-history":[{"count":0,"href":"https:\/\/haberadmin.com\/index.php?rest_route=\/wp\/v2\/posts\/8811\/revisions"}],"wp:attachment":[{"href":"https:\/\/haberadmin.com\/index.php?rest_route=%2Fwp%2Fv2%2Fmedia&parent=8811"}],"wp:term":[{"taxonomy":"category","embeddable":true,"href":"https:\/\/haberadmin.com\/index.php?rest_route=%2Fwp%2Fv2%2Fcategories&post=8811"},{"taxonomy":"post_tag","embeddable":true,"href":"https:\/\/haberadmin.com\/index.php?rest_route=%2Fwp%2Fv2%2Ftags&post=8811"}],"curies":[{"name":"wp","href":"https:\/\/api.w.org\/{rel}","templated":true}]}}