{"id":8809,"date":"2026-05-02T10:39:44","date_gmt":"2026-05-02T10:39:44","guid":{"rendered":"https:\/\/haberadmin.com\/?p=8809"},"modified":"2026-05-02T10:39:44","modified_gmt":"2026-05-02T10:39:44","slug":"enflasyon-pazartesi-aciklanacak","status":"publish","type":"post","link":"https:\/\/haberadmin.com\/?p=8809","title":{"rendered":"Enflasyon pazartesi a\u00e7\u0131klanacak!"},"content":{"rendered":"<p>T\u00fcrkiye \u0130statistik Kurumu (T\u00dc\u0130K), y\u0131l\u0131n d\u00f6rd\u00fcnc\u00fc enflasyon verisi olan nisan ay\u0131 T\u00fcketici Fiyat Endeksi (T\u00dcFE) rakamlar\u0131n\u0131 4 May\u0131s Pazartesi g\u00fcn\u00fc kamuoyuyla payla\u015facak.<\/p>\n<p><img loading=\"lazy\" decoding=\"async\" alt=\"Enflasyon pazartesi a\u00e7\u0131klanacak!\" class=\"mx-auto max-w-full h-auto shadow-sm\" height=\"514\" src=\"https:\/\/www.urfahaber.com\/images\/uploads\/2026\/05\/ekonomi-69f5d49c2948f.jpg\" width=\"843\" \/>Mart ay\u0131nda T\u00dcFE, ayl\u0131k bazda y\u00fczde 1,94 artarken, y\u0131ll\u0131k enflasyon y\u00fczde 30,87 olarak kaydedilmi\u015fti. Ayn\u0131 d\u00f6nemde enflasyon, y\u0131l sonuna g\u00f6re y\u00fczde 10,04, on iki ayl\u0131k ortalamalara g\u00f6re ise y\u00fczde 32,82 art\u0131\u015f g\u00f6stermi\u015fti.<\/p>\n<h2><img loading=\"lazy\" decoding=\"async\" alt=\"Enflasyon pazartesi a\u00e7\u0131klanacak!\" class=\"mx-auto max-w-full h-auto shadow-sm\" height=\"556\" src=\"https:\/\/www.urfahaber.com\/images\/uploads\/2026\/05\/haber-69f5d4ae971ac.jpg\" width=\"834\" \/><strong>\u00d6NG\u00d6R\u00dcLEN RAKAM<\/strong><\/h2>\n<p>Nisan ay\u0131na ili\u015fkin tahminlere g\u00f6re ayl\u0131k enflasyonun ortalama y\u00fczde 3,19 seviyesinde ger\u00e7ekle\u015fmesi \u00f6ng\u00f6r\u00fcl\u00fcyor.<\/p>\n<p>Y\u0131ll\u0131k enflasyonun da mart ay\u0131ndaki y\u00fczde 30,87 seviyesinden nisan ay\u0131nda yakla\u015f\u0131k y\u00fczde 31,11&#8217;e y\u00fckselmesi bekleniyor.<\/p>\n<p>Ekonomistlerin 2026 y\u0131l sonuna ili\u015fkin enflasyon beklentisi ortalamas\u0131 ise y\u00fczde 28,16 olarak hesapland\u0131.\u00a0<\/p>\n","protected":false},"excerpt":{"rendered":"<p>T\u00fcrkiye \u0130statistik Kurumu (T\u00dc\u0130K), y\u0131l\u0131n d\u00f6rd\u00fcnc\u00fc enflasyon verisi olan nisan ay\u0131 T\u00fcketici Fiyat Endeksi (T\u00dcFE)&#8230;<\/p>\n","protected":false},"author":1,"featured_media":8810,"comment_status":"closed","ping_status":"open","sticky":false,"template":"","format":"standard","meta":{"footnotes":""},"categories":[1],"tags":[],"class_list":["post-8809","post","type-post","status-publish","format-standard","has-post-thumbnail","hentry","category-gundem"],"_links":{"self":[{"href":"https:\/\/haberadmin.com\/index.php?rest_route=\/wp\/v2\/posts\/8809","targetHints":{"allow":["GET"]}}],"collection":[{"href":"https:\/\/haberadmin.com\/index.php?rest_route=\/wp\/v2\/posts"}],"about":[{"href":"https:\/\/haberadmin.com\/index.php?rest_route=\/wp\/v2\/types\/post"}],"author":[{"embeddable":true,"href":"https:\/\/haberadmin.com\/index.php?rest_route=\/wp\/v2\/users\/1"}],"replies":[{"embeddable":true,"href":"https:\/\/haberadmin.com\/index.php?rest_route=%2Fwp%2Fv2%2Fcomments&post=8809"}],"version-history":[{"count":0,"href":"https:\/\/haberadmin.com\/index.php?rest_route=\/wp\/v2\/posts\/8809\/revisions"}],"wp:featuredmedia":[{"embeddable":true,"href":"https:\/\/haberadmin.com\/index.php?rest_route=\/wp\/v2\/media\/8810"}],"wp:attachment":[{"href":"https:\/\/haberadmin.com\/index.php?rest_route=%2Fwp%2Fv2%2Fmedia&parent=8809"}],"wp:term":[{"taxonomy":"category","embeddable":true,"href":"https:\/\/haberadmin.com\/index.php?rest_route=%2Fwp%2Fv2%2Fcategories&post=8809"},{"taxonomy":"post_tag","embeddable":true,"href":"https:\/\/haberadmin.com\/index.php?rest_route=%2Fwp%2Fv2%2Ftags&post=8809"}],"curies":[{"name":"wp","href":"https:\/\/api.w.org\/{rel}","templated":true}]}}