{"id":8805,"date":"2026-05-02T10:01:38","date_gmt":"2026-05-02T10:01:38","guid":{"rendered":"https:\/\/haberadmin.com\/?p=8805"},"modified":"2026-05-02T10:01:38","modified_gmt":"2026-05-02T10:01:38","slug":"sanliurfada-mevlevi-mukabelesine-yogun-ilgi","status":"publish","type":"post","link":"https:\/\/haberadmin.com\/?p=8805","title":{"rendered":"\u015eanl\u0131urfa&#8217;da mevlevi mukabelesine yo\u011fun ilgi!"},"content":{"rendered":"<p>\u015eanl\u0131urfa Mevl\u00e2na K\u00fclliyesi Vakf\u0131 taraf\u0131ndan organize edilen programda semahaneyi dolduran vatanda\u015flar ve yerli turistler, unutulmaz bir geceye tan\u0131kl\u0131k etti. \u0130lahi a\u015fk ve teslimiyetin sembol\u00fc olan sema g\u00f6sterisi, izleyenler \u00fczerinde derin bir etki b\u0131rak\u0131rken, gece boyunca hissedilen huzur ve s\u00fck\u00fbnet dikkat \u00e7ekti.<\/p>\n<p><img loading=\"lazy\" decoding=\"async\" alt=\"\u015eanl\u0131urfa'da mevlevi mukabelesine yo\u011fun ilgi!\" class=\"mx-auto max-w-full h-auto shadow-sm\" height=\"800\" src=\"https:\/\/www.urfahaber.com\/images\/uploads\/2026\/05\/dfgdfgdf-69f5cc1e67faf.jpeg\" width=\"1200\" \/><\/p>\n<p>Programa \u015eanl\u0131urfa B\u00fcy\u00fck\u015fehir Belediye Ba\u015fkan\u0131 Mehmet Kas\u0131m G\u00fclp\u0131nar, \u0130l K\u00fclt\u00fcr ve Turizm M\u00fcd\u00fcr\u00fc Ayd\u0131n Arslan ve Mevl\u00e2na K\u00fclliyesi Vakf\u0131 Ba\u015fkan\u0131 Kas\u0131m Sezer de kat\u0131ld\u0131. Yo\u011fun ilgi g\u00f6ren mukabele program\u0131, izleyiciler taraf\u0131ndan \u201cruha dokunan bir deneyim\u201d olarak nitelendirildi.<\/p>\n<p>Manevi derinli\u011fi ve estetik zarafetiyle \u00f6ne \u00e7\u0131kan etkinlik, festivalin en \u00f6zel anlar\u0131ndan biri olarak haf\u0131zalara kaz\u0131n\u0131rken, \u015eanl\u0131urfa\u2019n\u0131n k\u00fclt\u00fcrel zenginli\u011fi ve manevi miras\u0131n\u0131 da g\u00f6zler \u00f6n\u00fcne serdi. Program, kentin ulusal ve uluslararas\u0131 tan\u0131t\u0131m\u0131na \u00f6nemli katk\u0131 sa\u011flad\u0131.<\/p>\n<p><img loading=\"lazy\" decoding=\"async\" alt=\"\u015eanl\u0131urfa'da mevlevi mukabelesine yo\u011fun ilgi!\" class=\"mx-auto max-w-full h-auto shadow-sm\" height=\"800\" src=\"https:\/\/www.urfahaber.com\/images\/uploads\/2026\/05\/dfgdfd-69f5cc36e171e.jpeg\" width=\"1200\" \/><\/p>\n<h2>\u201cMUS\u0130K\u0130 B\u0130R HATIRLAYI\u015e, SEMA B\u0130R ARAYI\u015eTIR\u201d<\/h2>\n<p>Programda konu\u015fan \u015eanl\u0131urfa B\u00fcy\u00fck\u015fehir Belediye Ba\u015fkan\u0131 Mehmet Kas\u0131m G\u00fclp\u0131nar, \u015fehrin k\u00fclt\u00fcrel ve manevi birikimine dikkat \u00e7ekerek \u015fu ifadeleri kulland\u0131: \u201cKadim medeniyetlerin be\u015fi\u011fi olan \u015eanl\u0131urfa\u2019da b\u00f6ylesine anlaml\u0131 bir programda sizlerle bir arada olmaktan b\u00fcy\u00fck mutluluk duyuyorum. Baz\u0131 de\u011ferler sadece g\u00f6r\u00fclmez, hissedilir. \u015eanl\u0131urfa da i\u015fte b\u00f6yle bir \u015fehirdir. Bu topraklarda ses sadece kulaklarda de\u011fil, kalpte de yank\u0131 bulur. Y\u00fczy\u0131llar boyunca farkl\u0131 medeniyetlerin sesini i\u00e7inde bar\u0131nd\u0131ran bu \u015fehir, kendine has bir musiki dili olu\u015fturmu\u015ftur. \u015eanl\u0131urfa\u2019n\u0131n UNESCO M\u00fczik \u015eehri unvan\u0131n\u0131 almas\u0131, bu kadim miras\u0131n tescilidir. Bu unvan; t\u00fcrk\u00fclerimizin, hoyratlar\u0131m\u0131z\u0131n, ilahilerimizin evrensel bir dile d\u00f6n\u00fc\u015ft\u00fc\u011f\u00fcn\u00fcn g\u00f6stergesidir. Bu \u015fehirde musiki bir e\u011flence de\u011fil, bir hat\u0131rlay\u0131\u015ft\u0131r. Sema ise bir g\u00f6steri de\u011fil, bir aray\u0131\u015ft\u0131r.\u201d<\/p>\n<p>Etkinlik, toplu foto\u011fraf \u00e7ekimiyle sona erdi.<\/p>\n","protected":false},"excerpt":{"rendered":"<p>\u015eanl\u0131urfa Mevl\u00e2na K\u00fclliyesi Vakf\u0131 taraf\u0131ndan organize edilen programda semahaneyi dolduran vatanda\u015flar ve yerli turistler, unutulmaz&#8230;<\/p>\n","protected":false},"author":1,"featured_media":8806,"comment_status":"closed","ping_status":"open","sticky":false,"template":"","format":"standard","meta":{"footnotes":""},"categories":[1],"tags":[],"class_list":["post-8805","post","type-post","status-publish","format-standard","has-post-thumbnail","hentry","category-gundem"],"_links":{"self":[{"href":"https:\/\/haberadmin.com\/index.php?rest_route=\/wp\/v2\/posts\/8805","targetHints":{"allow":["GET"]}}],"collection":[{"href":"https:\/\/haberadmin.com\/index.php?rest_route=\/wp\/v2\/posts"}],"about":[{"href":"https:\/\/haberadmin.com\/index.php?rest_route=\/wp\/v2\/types\/post"}],"author":[{"embeddable":true,"href":"https:\/\/haberadmin.com\/index.php?rest_route=\/wp\/v2\/users\/1"}],"replies":[{"embeddable":true,"href":"https:\/\/haberadmin.com\/index.php?rest_route=%2Fwp%2Fv2%2Fcomments&post=8805"}],"version-history":[{"count":0,"href":"https:\/\/haberadmin.com\/index.php?rest_route=\/wp\/v2\/posts\/8805\/revisions"}],"wp:featuredmedia":[{"embeddable":true,"href":"https:\/\/haberadmin.com\/index.php?rest_route=\/wp\/v2\/media\/8806"}],"wp:attachment":[{"href":"https:\/\/haberadmin.com\/index.php?rest_route=%2Fwp%2Fv2%2Fmedia&parent=8805"}],"wp:term":[{"taxonomy":"category","embeddable":true,"href":"https:\/\/haberadmin.com\/index.php?rest_route=%2Fwp%2Fv2%2Fcategories&post=8805"},{"taxonomy":"post_tag","embeddable":true,"href":"https:\/\/haberadmin.com\/index.php?rest_route=%2Fwp%2Fv2%2Ftags&post=8805"}],"curies":[{"name":"wp","href":"https:\/\/api.w.org\/{rel}","templated":true}]}}