{"id":8786,"date":"2026-05-01T20:21:06","date_gmt":"2026-05-01T20:21:06","guid":{"rendered":"https:\/\/haberadmin.com\/?p=8786"},"modified":"2026-05-01T20:21:06","modified_gmt":"2026-05-01T20:21:06","slug":"osmaniyede-silahli-saldiri","status":"publish","type":"post","link":"https:\/\/haberadmin.com\/?p=8786","title":{"rendered":"Osmaniye\u2019de silahl\u0131 sald\u0131r\u0131!"},"content":{"rendered":"<p>Olay, d\u00fcn gece saatlerinde\u00a0Osmaniye\u2019nin\u00a0Toprakkale il\u00e7esi Fatih Sultan Mehmet Mahallesi Atat\u00fcrk Caddesi\u2019nde meydana geldi. \u0130ddiaya g\u00f6re, cadde \u00fczerindeki bir market \u00f6n\u00fcnde kar\u015f\u0131la\u015fan iki grup aras\u0131nda hen\u00fcz bilinmeyen bir nedenle tart\u0131\u015fma \u00e7\u0131kt\u0131.<\/p>\n<p><img loading=\"lazy\" decoding=\"async\" alt=\"G\u00f6rsel\" class=\"mx-auto max-w-full h-auto shadow-sm\" height=\"675\" src=\"https:\/\/www.urfahaber.com\/images\/uploads\/2026\/05\/babab2-69f50f358690d.jpg\" width=\"1200\" \/><\/p>\n<h2><strong>POMPALI T\u00dcFEKLE ATE\u015e A\u00c7TI<\/strong><\/h2>\n<p>K\u0131sa s\u00fcrede b\u00fcy\u00fcyen tart\u0131\u015fma s\u0131ras\u0131nda gruptaki ki\u015filerden biri, yan\u0131nda bulunan pompal\u0131 t\u00fcfekle ate\u015f a\u00e7t\u0131ktan sonra ara\u00e7la ka\u00e7t\u0131. Silahla a\u00e7\u0131lan ate\u015f sonucu, olay yerinde bulunan ve kavgayla ilgilerinin olmad\u0131\u011f\u0131 \u00f6ne s\u00fcr\u00fclen Kadir K. ile Ahmet Taha \u015e., sa\u00e7malar\u0131n isabet etmesiyle yaraland\u0131.<\/p>\n<p><img loading=\"lazy\" decoding=\"async\" alt=\"G\u00f6rsel\" class=\"mx-auto max-w-full h-auto shadow-sm\" height=\"675\" src=\"https:\/\/www.urfahaber.com\/images\/uploads\/2026\/05\/kafalar4-69f50f45b8843.jpg\" width=\"1200\" \/><\/p>\n<h2><strong>B\u00d6LGEYE POL\u0130S VE SA\u011eLIK EK\u0130PER\u0130 SEVK ED\u0130LD\u0130<\/strong><\/h2>\n<p>\u00c7evredeki vatanda\u015flar\u0131n ihbar\u0131 \u00fczerine b\u00f6lgeye polis ve sa\u011fl\u0131k ekipleri sevk edildi. Yaral\u0131lar, kendi imkanlar\u0131yla Osmaniye E\u011fitim ve Ara\u015ft\u0131rma Hastanesi\u2019ne giderek tedavi alt\u0131na al\u0131nd\u0131. Yaral\u0131lardan Ahmet Taha \u015e.&#8217;nin durumunun a\u011f\u0131r oldu\u011fu, ilk m\u00fcdahalenin ard\u0131ndan Adana\u2019daki \u00c7ukurova \u00dcniversitesi T\u0131p Fak\u00fcltesi Balcal\u0131 Hastanesi\u2019ne sevk edildi\u011fi \u00f6\u011frenildi.<\/p>\n<h2><strong>SALDIRI CEP TELEFONU KAMERSIYLA G\u00d6R\u00dcNT\u00dcLEND\u0130<\/strong><\/h2>\n<p>\u00d6te yandan, ya\u015fanan silahl\u0131 sald\u0131r\u0131 bir vatanda\u015f taraf\u0131ndan cep telefonu kameras\u0131yla g\u00f6r\u00fcnt\u00fclendi. G\u00f6r\u00fcnt\u00fclerde silah\u0131n ate\u015flendi\u011fi anlar ile \u00e7evrede ya\u015fanan panik dikkat \u00e7ekti.<br \/> Polis ekipleri ka\u00e7an \u015f\u00fcpheliyi yakalamak i\u00e7in \u00e7al\u0131\u015fma ba\u015flat\u0131rken, olayla ilgili soru\u015fturma s\u00fcr\u00fcyor.<\/p>\n<p>Kaynak: \u0130HA\u00a0<\/p>\n<p>\u00a0<\/p>\n","protected":false},"excerpt":{"rendered":"<p>Olay, d\u00fcn gece saatlerinde\u00a0Osmaniye\u2019nin\u00a0Toprakkale il\u00e7esi Fatih Sultan Mehmet Mahallesi Atat\u00fcrk Caddesi\u2019nde meydana geldi. \u0130ddiaya g\u00f6re,&#8230;<\/p>\n","protected":false},"author":1,"featured_media":8787,"comment_status":"closed","ping_status":"open","sticky":false,"template":"","format":"standard","meta":{"footnotes":""},"categories":[1],"tags":[],"class_list":["post-8786","post","type-post","status-publish","format-standard","has-post-thumbnail","hentry","category-gundem"],"_links":{"self":[{"href":"https:\/\/haberadmin.com\/index.php?rest_route=\/wp\/v2\/posts\/8786","targetHints":{"allow":["GET"]}}],"collection":[{"href":"https:\/\/haberadmin.com\/index.php?rest_route=\/wp\/v2\/posts"}],"about":[{"href":"https:\/\/haberadmin.com\/index.php?rest_route=\/wp\/v2\/types\/post"}],"author":[{"embeddable":true,"href":"https:\/\/haberadmin.com\/index.php?rest_route=\/wp\/v2\/users\/1"}],"replies":[{"embeddable":true,"href":"https:\/\/haberadmin.com\/index.php?rest_route=%2Fwp%2Fv2%2Fcomments&post=8786"}],"version-history":[{"count":0,"href":"https:\/\/haberadmin.com\/index.php?rest_route=\/wp\/v2\/posts\/8786\/revisions"}],"wp:featuredmedia":[{"embeddable":true,"href":"https:\/\/haberadmin.com\/index.php?rest_route=\/wp\/v2\/media\/8787"}],"wp:attachment":[{"href":"https:\/\/haberadmin.com\/index.php?rest_route=%2Fwp%2Fv2%2Fmedia&parent=8786"}],"wp:term":[{"taxonomy":"category","embeddable":true,"href":"https:\/\/haberadmin.com\/index.php?rest_route=%2Fwp%2Fv2%2Fcategories&post=8786"},{"taxonomy":"post_tag","embeddable":true,"href":"https:\/\/haberadmin.com\/index.php?rest_route=%2Fwp%2Fv2%2Ftags&post=8786"}],"curies":[{"name":"wp","href":"https:\/\/api.w.org\/{rel}","templated":true}]}}