{"id":8783,"date":"2026-05-01T16:50:23","date_gmt":"2026-05-01T16:50:23","guid":{"rendered":"https:\/\/haberadmin.com\/?p=8783"},"modified":"2026-05-01T16:50:23","modified_gmt":"2026-05-01T16:50:23","slug":"urfada-arazi-anlasmazligi-can-aldi","status":"publish","type":"post","link":"https:\/\/haberadmin.com\/?p=8783","title":{"rendered":"Urfa&#8217;da arazi anla\u015fmazl\u0131\u011f\u0131 can ald\u0131!"},"content":{"rendered":"<p>Edinilen bilgiye g\u00f6re olay, k\u0131rsal Cibin\u00f6ren Mahallesi&#8217;nde ya\u015fand\u0131. \u0130ddiaya g\u00f6re, aralar\u0131nda arazi anla\u015fmazl\u0131\u011f\u0131 nedeniyle husumet bulunan A.K. (40) ile \u00fcvey karde\u015fleri Hamza (30) ve Sabri K\u0131l\u0131\u00e7 (43) tart\u0131\u015fmaya ba\u015flad\u0131. Tart\u0131\u015fman\u0131n b\u00fcy\u00fcmesi \u00fczerine \u00e7\u0131kan silahl\u0131 kavgada A.K., \u00fcvey karde\u015fi Hamza ve Sabri K\u0131l\u0131\u00e7&#8217;\u0131 silahla yaralad\u0131. \u0130hbar \u00fczerine olay yerine jandarma ve sa\u011fl\u0131k ekipleri sevk edildi.<\/p>\n<h2>2 KARDE\u015e \u015eANLIURFA ADL\u0130 TIP KURUMU MORGUNA KALDIRILDI<\/h2>\n<p>Sa\u011fl\u0131k ekiplerince Birecik Devlet Hastanesine kald\u0131r\u0131lan 2 karde\u015f, doktorlar\u0131n m\u00fcdahalesine ra\u011fmen kurtar\u0131lamayarak hayat\u0131n\u0131 kaybetti. Karde\u015flerin, cenazesi otopsi yap\u0131lmak \u00fczere\u00a0\u015eanl\u0131urfa\u00a0Adli T\u0131p Kurumu morguna kald\u0131r\u0131ld\u0131.<\/p>\n<h2>KA\u00c7AN \u00dcVEY KARDE\u015e YAKALANDI<\/h2>\n<p>Karde\u015flerini \u00f6ld\u00fcrd\u00fckten sonra olay yerinden ka\u00e7an A.K., g\u00fcvenlik g\u00fc\u00e7leri taraf\u0131ndan yakaland\u0131. G\u00f6zalt\u0131na al\u0131nan zanl\u0131, karakola g\u00f6t\u00fcr\u00fcld\u00fc.<br \/> Olayla ilgili soru\u015fturma s\u00fcr\u00fcyor.<\/p>\n<p>Kaynak: \u0130HA\u00a0<\/p>\n","protected":false},"excerpt":{"rendered":"<p>Edinilen bilgiye g\u00f6re olay, k\u0131rsal Cibin\u00f6ren Mahallesi&#8217;nde ya\u015fand\u0131. \u0130ddiaya g\u00f6re, aralar\u0131nda arazi anla\u015fmazl\u0131\u011f\u0131 nedeniyle husumet&#8230;<\/p>\n","protected":false},"author":1,"featured_media":0,"comment_status":"closed","ping_status":"open","sticky":false,"template":"","format":"standard","meta":{"footnotes":""},"categories":[1],"tags":[],"class_list":["post-8783","post","type-post","status-publish","format-standard","hentry","category-gundem"],"_links":{"self":[{"href":"https:\/\/haberadmin.com\/index.php?rest_route=\/wp\/v2\/posts\/8783","targetHints":{"allow":["GET"]}}],"collection":[{"href":"https:\/\/haberadmin.com\/index.php?rest_route=\/wp\/v2\/posts"}],"about":[{"href":"https:\/\/haberadmin.com\/index.php?rest_route=\/wp\/v2\/types\/post"}],"author":[{"embeddable":true,"href":"https:\/\/haberadmin.com\/index.php?rest_route=\/wp\/v2\/users\/1"}],"replies":[{"embeddable":true,"href":"https:\/\/haberadmin.com\/index.php?rest_route=%2Fwp%2Fv2%2Fcomments&post=8783"}],"version-history":[{"count":0,"href":"https:\/\/haberadmin.com\/index.php?rest_route=\/wp\/v2\/posts\/8783\/revisions"}],"wp:attachment":[{"href":"https:\/\/haberadmin.com\/index.php?rest_route=%2Fwp%2Fv2%2Fmedia&parent=8783"}],"wp:term":[{"taxonomy":"category","embeddable":true,"href":"https:\/\/haberadmin.com\/index.php?rest_route=%2Fwp%2Fv2%2Fcategories&post=8783"},{"taxonomy":"post_tag","embeddable":true,"href":"https:\/\/haberadmin.com\/index.php?rest_route=%2Fwp%2Fv2%2Ftags&post=8783"}],"curies":[{"name":"wp","href":"https:\/\/api.w.org\/{rel}","templated":true}]}}