{"id":8766,"date":"2026-05-01T11:22:49","date_gmt":"2026-05-01T11:22:49","guid":{"rendered":"https:\/\/haberadmin.com\/?p=8766"},"modified":"2026-05-01T11:22:49","modified_gmt":"2026-05-01T11:22:49","slug":"sanliurfadan-filistine-destek-global-sumud-filosuna-mudahaleye-tepki","status":"publish","type":"post","link":"https:\/\/haberadmin.com\/?p=8766","title":{"rendered":"\u015eanl\u0131urfa\u2019dan Filistin\u2019e destek! Global Sumud Filosu\u2019na m\u00fcdahaleye tepki"},"content":{"rendered":"<p>\u015eanl\u0131urfa\u2019da Filistin\u2019e destek amac\u0131yla bas\u0131n a\u00e7\u0131klamas\u0131 d\u00fczenlendi. Bal\u0131kl\u0131g\u00f6l Platosu\u2019nda Cuma namaz\u0131 \u00e7\u0131k\u0131\u015f\u0131nda ger\u00e7ekle\u015ftirilen a\u00e7\u0131klamada, Gazze\u2019ye insani yard\u0131m ula\u015ft\u0131rmay\u0131 hedefleyen \u201cGlobal Sumud Filosu\u201dna y\u00f6nelik m\u00fcdahaleye tepki g\u00f6sterildi.<\/p>\n<p><img loading=\"lazy\" decoding=\"async\" alt=\"\u015eanl\u0131urfa\u2019dan Filistin\u2019e destek! Global Sumud Filosu\u2019na m\u00fcdahaleye tepki\" class=\"mx-auto max-w-full h-auto shadow-sm\" height=\"675\" src=\"https:\/\/www.urfahaber.com\/images\/uploads\/2026\/05\/filistin-69f48d1657a51.jpeg\" width=\"1200\" \/>S\u00f6z konusu m\u00fcdahalenin kabul edilemez oldu\u011fu ve Filistin halk\u0131na y\u00f6nelik sald\u0131r\u0131lar\u0131n sona ermesi \u00e7a\u011fr\u0131s\u0131 yap\u0131ld\u0131.<\/p>\n<p><img loading=\"lazy\" decoding=\"async\" alt=\"\u015eanl\u0131urfa\u2019dan Filistin\u2019e destek! Global Sumud Filosu\u2019na m\u00fcdahaleye tepki\" class=\"mx-auto max-w-full h-auto shadow-sm\" height=\"675\" src=\"https:\/\/www.urfahaber.com\/images\/uploads\/2026\/05\/cuma-69f48d71d7b36.jpeg\" width=\"1200\" \/>A\u00e7\u0131klamada, insani yard\u0131m giri\u015fimlerinin engellenmemesi gerekti\u011fi vurgulan\u0131rken, uluslararas\u0131 topluma da daha fazla sorumluluk alma \u00e7a\u011fr\u0131s\u0131 yap\u0131ld\u0131.<\/p>\n<p><img loading=\"lazy\" decoding=\"async\" alt=\"\u015eanl\u0131urfa\u2019dan Filistin\u2019e destek! Global Sumud Filosu\u2019na m\u00fcdahaleye tepki\" class=\"mx-auto max-w-full h-auto shadow-sm\" height=\"675\" src=\"https:\/\/www.urfahaber.com\/images\/uploads\/2026\/05\/filistin-69f48d02996af.jpeg\" width=\"1200\" \/>Kat\u0131l\u0131mc\u0131lar ad\u0131na bas\u0131n a\u00e7\u0131klamas\u0131n\u0131 yapan Said Koyuncu \u015fu ifadelere yer verdi:<\/p>\n<p>\u201c7 Ekim\u2019den bu yana Gazze\u2019de ya\u015fananlar, insanl\u0131\u011f\u0131n ortak vicdan\u0131nda derin bir yara olarak varl\u0131\u011f\u0131n\u0131 s\u00fcrd\u00fcrmektedir. Sivillerin hedef al\u0131nd\u0131\u011f\u0131, hastanelerin, okullar\u0131n ve ya\u015fam alanlar\u0131n\u0131n yok edildi\u011fi, temel insani ihtiya\u00e7lar\u0131n dahi engellendi\u011fi bir s\u00fcre\u00e7 ya\u015fanmaktad\u0131r. Gazze bug\u00fcn; kara, deniz ve hava ablukas\u0131 alt\u0131nda, b\u00fcy\u00fck bir insani felaketle kar\u015f\u0131 kar\u015f\u0131yad\u0131r.<\/p>\n<p>2007 y\u0131l\u0131ndan bu yana s\u00fcrd\u00fcr\u00fclen a\u011f\u0131r ambargo nedeniyle insanlar a\u00e7l\u0131k, susuzluk, ila\u00e7s\u0131zl\u0131k ve yoklukla m\u00fccadele etmektedir.<\/p>\n<p>\u00a0Bu insanl\u0131k dram\u0131na sessiz kalmayan vicdan sahibi insanlar, Gazze\u2019ye insani yard\u0131m ula\u015ft\u0131rmak ve uygulanan ablukay\u0131 k\u0131rmak amac\u0131yla Global Sumud Filosu ile harekete ge\u00e7mi\u015ftir.<\/p>\n<p>Ancak uluslararas\u0131 sularda, tamamen sivil ve insani yard\u0131m amac\u0131 ta\u015f\u0131yan bu filoya \u0130srail taraf\u0131ndan ger\u00e7ekle\u015ftirilen sald\u0131r\u0131, a\u00e7\u0131k bir hukuk ve insanl\u0131k ihlalidir.<\/p>\n<p>\u00a0\u0130\u00e7erisinde sa\u011fl\u0131k \u00e7al\u0131\u015fanlar\u0131, yard\u0131m g\u00f6n\u00fcll\u00fcleri, sivil aktivistler ve farkl\u0131 \u00fclkelerden kat\u0131l\u0131mc\u0131lar\u0131n bulundu\u011fu bu filonun hedef al\u0131nmas\u0131; yaln\u0131zca yard\u0131m faaliyetlerine de\u011fil, insanl\u0131\u011f\u0131n ortak de\u011ferlerine y\u00f6nelik bir sald\u0131r\u0131d\u0131r.<\/p>\n<p>Gece saatlerinde insans\u0131z hava ara\u00e7lar\u0131, elektronik sinyal kesme giri\u015fimleri ve \u00e7e\u015fitli bask\u0131larla ger\u00e7ekle\u015ftirilen bu m\u00fcdahale; uluslararas\u0131 hukukun, seyr\u00fcsefer \u00f6zg\u00fcrl\u00fc\u011f\u00fcn\u00fcn ve Cenevre S\u00f6zle\u015fmeleri\u2019nin a\u00e7\u0131k ihlalidir.<\/p>\n<p>Uluslararas\u0131 sularda ger\u00e7ekle\u015fen bu sald\u0131r\u0131, hi\u00e7bir \u015fekilde me\u015fru g\u00f6sterilemez.<\/p>\n<p>Gazze\u2019ye insani yard\u0131m ula\u015ft\u0131rmay\u0131 su\u00e7 gibi g\u00f6stermeye \u00e7al\u0131\u015fan bu anlay\u0131\u015f kabul edilemez.<\/p>\n<p>\u00a0Yard\u0131m gemilerine sald\u0131rmak, a\u00e7l\u0131\u011fa mahk\u00fbm edilen bir halk\u0131n nefes borusunu kesmeye \u00e7al\u0131\u015fmakt\u0131r. Bu durum sadece b\u00f6lgesel de\u011fil, b\u00fct\u00fcn insanl\u0131\u011f\u0131n meselesidir.<\/p>\n<h2><strong>BURADAN A\u00c7IK\u00c7A \u0130FADE ED\u0130YORUZ<\/strong><\/h2>\n<p>Uluslararas\u0131 toplum bu hukuk tan\u0131maz sald\u0131r\u0131ya kar\u015f\u0131 sessiz kalmamal\u0131d\u0131r.<\/p>\n<p>T\u00fcm devletler ortak hareket ederek \u0130srail\u2019in bu sald\u0131rgan ve hukuk d\u0131\u015f\u0131 tutumuna kar\u015f\u0131 somut ad\u0131mlar atmal\u0131d\u0131r.<\/p>\n<p>Birle\u015fmi\u015f Milletler ba\u015fta olmak \u00fczere uluslararas\u0131 kurumlar sorumluluk \u00fcstlenmeli; insani yard\u0131m gemilerine y\u00f6nelik sald\u0131r\u0131lar derhal soru\u015fturulmal\u0131, sorumlular uluslararas\u0131 hukuk \u00f6n\u00fcnde hesap vermelidir. Filoda yer alan T\u00fcrkiye Cumhuriyeti vatanda\u015flar\u0131n\u0131n ve t\u00fcm aktivistlerin g\u00fcvenli\u011fi yak\u0131ndan takip edilmekte, devletimizin gerekli diplomatik giri\u015fimleri h\u0131zla sonu\u00e7land\u0131rmas\u0131 beklenmektedir.<\/p>\n<p>\u00a0Al\u0131konulan t\u00fcm aktivistler serbest b\u0131rak\u0131lmal\u0131, el konulan gemiler iade edilmeli ve Gazze\u2019ye y\u00f6nelik abluka sona erdirilmelidir.<\/p>\n<p>Bug\u00fcn burada ortaya koydu\u011fumuz duru\u015f; sadece bir sald\u0131r\u0131ya tepki de\u011fil, insan onurunu, adaleti ve temel haklar\u0131 savunan ortak vicdan\u0131n sesidir.<\/p>\n<p>Peygamberler \u015fehrinden, Hazreti \u0130brahim\u2019in makam\u0131ndan t\u00fcm d\u00fcnyaya sesleniyoruz:<\/p>\n<p>Gazze yaln\u0131z de\u011fildir.<\/p>\n<p>Mescid-i Aksa yaln\u0131z de\u011fildir.<\/p>\n<p>Global Sumud Filosu yaln\u0131z de\u011fildir.<\/p>\n<p>Her birimiz o filonun bir par\u00e7as\u0131y\u0131z. Kimimizin bedeni, kimimizin duas\u0131, kimimizin vicdan\u0131 o gemilerdedir.<\/p>\n<p>Akdeniz\u2019in dalgalar\u0131 gibi Gazze\u2019ye akmaya, adaletin yan\u0131nda durmaya ve zulme kar\u015f\u0131 ses y\u00fckseltmeye devam edece\u011fiz.<\/p>\n<p>Temennimiz ve inanc\u0131m\u0131z odur ki; en k\u0131sa zamanda Gazze \u00f6zg\u00fcrl\u00fc\u011f\u00fcne kavu\u015facak, abluka sona erecek, zul\u00fcm bitecek ve \u00f6zg\u00fcr bir Gazze insanl\u0131\u011f\u0131n ortak vicdan\u0131nda hak etti\u011fi yeri bulacakt\u0131r.<\/p>\n<p>Bu nedenle buradan t\u00fcm d\u00fcnyaya ve vicdan sahibi herkese \u00e7a\u011fr\u0131m\u0131zd\u0131r:<\/p>\n<p>Gazze\u2019nin sesi olun.<\/p>\n<p>Adaletin yan\u0131nda saf tutun.<\/p>\n<p>Zulme kar\u015f\u0131 sessiz kalmay\u0131n.<\/p>\n<p>\u00d6zg\u00fcr Gazze\u2019de, \u00f6zg\u00fcr Mescid-i Aksa\u2019da bulu\u015fmak \u00fcmidiyle.\u201d<\/p>\n","protected":false},"excerpt":{"rendered":"<p>\u015eanl\u0131urfa\u2019da Filistin\u2019e destek amac\u0131yla bas\u0131n a\u00e7\u0131klamas\u0131 d\u00fczenlendi. Bal\u0131kl\u0131g\u00f6l Platosu\u2019nda Cuma namaz\u0131 \u00e7\u0131k\u0131\u015f\u0131nda ger\u00e7ekle\u015ftirilen a\u00e7\u0131klamada, Gazze\u2019ye&#8230;<\/p>\n","protected":false},"author":1,"featured_media":8767,"comment_status":"closed","ping_status":"open","sticky":false,"template":"","format":"standard","meta":{"footnotes":""},"categories":[1],"tags":[],"class_list":["post-8766","post","type-post","status-publish","format-standard","has-post-thumbnail","hentry","category-gundem"],"_links":{"self":[{"href":"https:\/\/haberadmin.com\/index.php?rest_route=\/wp\/v2\/posts\/8766","targetHints":{"allow":["GET"]}}],"collection":[{"href":"https:\/\/haberadmin.com\/index.php?rest_route=\/wp\/v2\/posts"}],"about":[{"href":"https:\/\/haberadmin.com\/index.php?rest_route=\/wp\/v2\/types\/post"}],"author":[{"embeddable":true,"href":"https:\/\/haberadmin.com\/index.php?rest_route=\/wp\/v2\/users\/1"}],"replies":[{"embeddable":true,"href":"https:\/\/haberadmin.com\/index.php?rest_route=%2Fwp%2Fv2%2Fcomments&post=8766"}],"version-history":[{"count":0,"href":"https:\/\/haberadmin.com\/index.php?rest_route=\/wp\/v2\/posts\/8766\/revisions"}],"wp:featuredmedia":[{"embeddable":true,"href":"https:\/\/haberadmin.com\/index.php?rest_route=\/wp\/v2\/media\/8767"}],"wp:attachment":[{"href":"https:\/\/haberadmin.com\/index.php?rest_route=%2Fwp%2Fv2%2Fmedia&parent=8766"}],"wp:term":[{"taxonomy":"category","embeddable":true,"href":"https:\/\/haberadmin.com\/index.php?rest_route=%2Fwp%2Fv2%2Fcategories&post=8766"},{"taxonomy":"post_tag","embeddable":true,"href":"https:\/\/haberadmin.com\/index.php?rest_route=%2Fwp%2Fv2%2Ftags&post=8766"}],"curies":[{"name":"wp","href":"https:\/\/api.w.org\/{rel}","templated":true}]}}