{"id":8762,"date":"2026-05-01T10:45:13","date_gmt":"2026-05-01T10:45:13","guid":{"rendered":"https:\/\/haberadmin.com\/?p=8762"},"modified":"2026-05-01T10:45:13","modified_gmt":"2026-05-01T10:45:13","slug":"sanliurfada-1-mayis-yuruyusu-ortak-emek-ve-dayanisma-cagrisi","status":"publish","type":"post","link":"https:\/\/haberadmin.com\/?p=8762","title":{"rendered":"\u015eanl\u0131urfa\u2019da 1 May\u0131s y\u00fcr\u00fcy\u00fc\u015f\u00fc! Ortak emek ve dayan\u0131\u015fma \u00e7a\u011fr\u0131s\u0131!"},"content":{"rendered":"<p>\u015eanl\u0131urfa\u2019da 1 May\u0131s Emek ve Dayan\u0131\u015fma G\u00fcn\u00fc kapsam\u0131nda sendikalar ve \u00e7e\u015fitli platformlar bir araya gelerek y\u00fcr\u00fcy\u00fc\u015f ve bas\u0131n a\u00e7\u0131klamas\u0131 ger\u00e7ekle\u015ftirdi.<\/p>\n<p><img loading=\"lazy\" decoding=\"async\" alt=\"\u015eanl\u0131urfa\u2019da 1 May\u0131s y\u00fcr\u00fcy\u00fc\u015f\u00fc: Ortak emek ve dayan\u0131\u015fma \u00e7a\u011fr\u0131s\u0131!\" class=\"mx-auto max-w-full h-auto shadow-sm\" height=\"900\" src=\"https:\/\/www.urfahaber.com\/images\/uploads\/2026\/05\/aciklama-69f484924ec74.jpeg\" width=\"1200\" \/>\u015eanl\u0131urfa\u2019da d\u00fczenlenen etkinlik, Novada AVM \u00f6n\u00fcnden ba\u015flayarak Top\u00e7u Meydan\u0131\u2019na kadar s\u00fcren bir y\u00fcr\u00fcy\u00fc\u015fle ba\u015flad\u0131.<\/p>\n<p><img loading=\"lazy\" decoding=\"async\" alt=\"\u015eanl\u0131urfa\u2019da 1 May\u0131s y\u00fcr\u00fcy\u00fc\u015f\u00fc: Ortak emek ve dayan\u0131\u015fma \u00e7a\u011fr\u0131s\u0131!\" class=\"mx-auto max-w-full h-auto shadow-sm\" height=\"900\" src=\"https:\/\/www.urfahaber.com\/images\/uploads\/2026\/05\/dayanisma-69f484aa61005.jpeg\" width=\"1200\" \/>Y\u00fcr\u00fcy\u00fc\u015fe SES Urfa \u015eubesi, Haber-Sen, E\u011fitim Sen, Birtek-Sen, KESK Urfa \u015eubesi Platformu, DEM Parti Urfa \u0130l \u00d6rg\u00fct\u00fc ve Kad\u0131n Meclisi, \u0130nsan Haklar\u0131 Derne\u011fi, Ya\u015famevi Kad\u0131n Dayan\u0131\u015fma Derne\u011fi, \u00d6zg\u00fcrl\u00fck \u0130\u00e7in Hukuk\u00e7ular Derne\u011fi ile \u00e7e\u015fitli emek ve dayan\u0131\u015fma platformlar\u0131 kat\u0131ld\u0131.<\/p>\n<p><img loading=\"lazy\" decoding=\"async\" alt=\"\u015eanl\u0131urfa\u2019da 1 May\u0131s y\u00fcr\u00fcy\u00fc\u015f\u00fc: Ortak emek ve dayan\u0131\u015fma \u00e7a\u011fr\u0131s\u0131!\" class=\"mx-auto max-w-full h-auto shadow-sm\" height=\"900\" src=\"https:\/\/www.urfahaber.com\/images\/uploads\/2026\/05\/baro-69f484bd33e40.jpeg\" width=\"1200\" \/>Top\u00e7u Meydan\u0131\u2019nda toplanan kat\u0131l\u0131mc\u0131lar burada ortak bir bas\u0131n a\u00e7\u0131klamas\u0131 yaparak 1 May\u0131s Emek ve Dayan\u0131\u015fma G\u00fcn\u00fc\u2019n\u00fcn \u00f6nemine dikkat \u00e7ekti.<\/p>\n<p>Kat\u0131l\u0131mc\u0131lar ad\u0131na\u00a0<span style=\"font-size:12pt\"><span style=\"line-height:115%\"><span style=\"font-family:Aptos,sans-serif\"><span arial=\"\" style=\"font-family:\">Urfa Emek Ve Demokrasi Platformu taraf\u0131ndan yap\u0131lan a\u00e7\u0131klamada \u015fu ifadeler yer ald\u0131:<\/p>\n<p>&#8220;<span style=\"font-size:12pt\"><span style=\"line-height:115%\"><span style=\"font-family:Aptos,sans-serif\"><span arial=\"\" style=\"font-family:\">\u0130\u015f\u00e7ilerin, emek\u00e7ilerin bayram\u0131, 1 May\u0131s kutlu olsun!<\/p>\n<p style=\"text-align:justify; margin-bottom:11px\"><span style=\"font-size:12pt\"><span style=\"line-height:115%\"><span style=\"font-family:Aptos,sans-serif\"><span arial=\"\" style=\"font-family:\">1 May\u0131s\u2019\u0131 bayram k\u0131lan; i\u015f\u00e7ilerin, emek\u00e7ilerin direni\u015finin ve m\u00fccadelesinin kazan\u0131m\u0131d\u0131r. \u0130nsan onuruna yak\u0131\u015f\u0131r \u00fccret ve \u00e7al\u0131\u015fma ko\u015fullar\u0131 i\u00e7in y\u00fcr\u00fct\u00fclen m\u00fccadele hepimizin m\u00fccadelesidir. \u0130\u015f\u00e7iler ve emek\u00e7ilerin taleplerini dile getirebilmesi i\u00e7in sendikal \u00f6rg\u00fctlenmesi ve sokaklara \u00e7\u0131kmas\u0131 temel insan haklar\u0131 aras\u0131ndad\u0131r.<\/p>\n<p style=\"text-align:justify; margin-bottom:11px\"><span style=\"font-size:12pt\"><span style=\"line-height:115%\"><span style=\"font-family:Aptos,sans-serif\"><span arial=\"\" style=\"font-family:\">Ekonomik ve sosyal haklar\u0131n geli\u015fimi i\u015f\u00e7i m\u00fccadelesinin sonucunda olmu\u015ftur. \u00d6rg\u00fctlenme \u00f6zg\u00fcrl\u00fc\u011f\u00fc, i\u015f\u00e7ilerin ve emek\u00e7ilerin istedi\u011fi sendikalar\u0131 se\u00e7mesi, sendikal faaliyetlerini serbest\u00e7e ger\u00e7ekle\u015ftirebilmesi de bu alandaki kazan\u0131mlar\u0131n korunmas\u0131 ve ilerletilmesi i\u00e7in \u00f6nemlidir. Bu haklar Uluslararas\u0131 \u00c7al\u0131\u015fma \u00d6rg\u00fct\u00fcn\u00fcn temel s\u00f6zle\u015fmeleri taraf\u0131ndan g\u00fcvence alt\u0131na al\u0131nm\u0131\u015ft\u0131r.<\/p>\n<p style=\"text-align:justify; margin-bottom:11px\"><span style=\"font-size:12pt\"><span style=\"line-height:115%\"><span style=\"font-family:Aptos,sans-serif\"><span arial=\"\" style=\"font-family:\">Ne var ki, s\u00f6m\u00fcr\u00fc ve hak ihlalleri hala devam ediyor. D\u00fcnyan\u0131n bir\u00e7ok yerinde i\u015f\u00e7iler hala g\u00fcvencesiz bir bi\u00e7imde emeklerinin kar\u015f\u0131l\u0131\u011f\u0131 olmayan ko\u015fullarda ve \u00fccretlerde \u00e7al\u0131\u015f\u0131yor. S\u00f6m\u00fcr\u00fc kimi durumlarda modern k\u00f6leli\u011fe var\u0131yor. \u0130\u015f\u00e7iler, emek\u00e7iler sendikaya \u00fcye olmak istedi\u011finde, haklar\u0131n\u0131 kullanmak istedi\u011finde bask\u0131lara maruz kal\u0131yor.<\/p>\n<p style=\"text-align:justify; margin-bottom:11px\"><span style=\"font-size:12pt\"><span style=\"line-height:115%\"><span style=\"font-family:Aptos,sans-serif\"><span arial=\"\" style=\"font-family:\">Kapitalist sistemin s\u0131n\u0131rs\u0131z kar h\u0131rs\u0131 i\u015f\u00e7ilerin s\u00f6m\u00fcr\u00fclmesinin temel nedenidir. Kapitalist sistem s\u00f6m\u00fcr\u00fc sistemini s\u00fcrd\u00fcrmek i\u00e7in sava\u015flara, silahl\u0131 \u00e7at\u0131\u015fmalara ihtiya\u00e7 duyuyor. Bir\u00e7ok ihlalin k\u00f6k nedeni olan sava\u015flar i\u015f\u00e7ilerin de ekme\u011fini elinden al\u0131yor. Sava\u015fa, silahlanmaya ayr\u0131lan b\u00fct\u00e7e i\u015f\u00e7inin ekme\u011fini k\u00fc\u00e7\u00fclt\u00fcyor. Ortado\u011fu\u2019da ve d\u00fcnyan\u0131n di\u011fer yerlerinde ya\u015fanan sava\u015flar bu durumun a\u00e7\u0131k bir kan\u0131t\u0131d\u0131r.<\/p>\n<p style=\"text-align:justify; margin-bottom:11px\"><span style=\"font-size:12pt\"><span style=\"line-height:115%\"><span style=\"font-family:Aptos,sans-serif\"><span arial=\"\" style=\"font-family:\">Sava\u015flar ayn\u0131 zamanda zorla yerinden edilmelere, zorunlu g\u00f6\u00e7lere yol a\u00e7\u0131yor. Kapitalist sistem m\u00fclteci ve g\u00f6\u00e7men i\u015f\u00e7ileri ucuz i\u015fg\u00fcc\u00fc olarak kullan\u0131yor. M\u00fclteci ve g\u00f6\u00e7men i\u015f\u00e7ilerle kimi durumlarda i\u015f\u00e7iler aras\u0131ndaki bar\u0131\u015f\u0131 bozacak bi\u00e7imde kullan\u0131l\u0131yor. \u0130\u015f\u00e7iler aras\u0131nda gerilimlere yol a\u00e7\u0131yor.<\/p>\n<p style=\"text-align:justify; margin-bottom:11px\"><span style=\"font-size:12pt\"><span style=\"line-height:115%\"><span style=\"font-family:Aptos,sans-serif\"><span arial=\"\" style=\"font-family:\">Tam da bu nedenle, i\u015f\u00e7i m\u00fccadelesi ayn\u0131 zamanda bir bar\u0131\u015f m\u00fccadelesidir. \u0130\u015f\u00e7i hareketi, sendikalar bar\u0131\u015f m\u00fccadelesinde kritik \u00f6nemdedir.<\/p>\n<p style=\"text-align:justify; margin-bottom:11px\"><span style=\"font-size:12pt\"><span style=\"line-height:115%\"><span style=\"font-family:Aptos,sans-serif\"><span arial=\"\" style=\"font-family:\">Bu bak\u0131mdan, 1 Ekim 2024\u2019ten bu yana K\u00fcrt meselesine ili\u015fkin devam eden bar\u0131\u015f ve \u00e7\u00f6z\u00fcm s\u00fcreci i\u015f\u00e7ileri, emek\u00e7ileri de yak\u0131ndan ilgilendirmektedir. Co\u011frafyam\u0131zda kal\u0131c\u0131 bir bar\u0131\u015f\u0131n in\u015fa edilmesi i\u015f\u00e7i haklar\u0131n\u0131n korunmas\u0131na ve geli\u015ftirilmesine de katk\u0131 sunacakt\u0131r.<\/p>\n<h2 style=\"text-align: justify; margin-bottom: 11px;\"><strong><span style=\"font-size:12pt\"><span style=\"line-height:115%\"><span style=\"font-family:Aptos,sans-serif\"><span arial=\"\" style=\"font-family:\">BUG\u00dcN HALA\u00a0\u0130\u015e\u00c7\u0130\u00a0C\u0130NAYETLER\u0130\u00a0YA\u015eANIYOR<\/strong><\/h2>\n<p style=\"text-align:justify; margin-bottom:11px\"><span style=\"font-size:12pt\"><span style=\"line-height:115%\"><span style=\"font-family:Aptos,sans-serif\"><span arial=\"\" style=\"font-family:\">Gerekli tedbirler al\u0131nmad\u0131\u011f\u0131 i\u00e7in h\u00e2l\u00e2 i\u015f\u00e7iler \u00e7al\u0131\u015f\u0131rken ya\u015famlar\u0131n\u0131 yitirmektedir. Ya\u015fam\u0131n di\u011fer alanlar\u0131nda oldu\u011fu gibi \u00e7al\u0131\u015fma ya\u015fam\u0131nda da kad\u0131nlar ve LGBT\u0130+\u2019lar daha fazla s\u00f6m\u00fcr\u00fcye ve bask\u0131ya maruz kalmaktad\u0131r. Kad\u0131nlar\u0131n ve LGBT\u0130+\u2019lar\u0131n i\u015fyerlerinde y\u00fcr\u00fctt\u00fckleri m\u00fccadele evde, sokakta, ya\u015fam\u0131n di\u011fer alanlar\u0131ndaki haklar\u0131 bak\u0131m\u0131ndan da kritik \u00f6nemdedir.<\/p>\n<p style=\"text-align:justify; margin-bottom:11px\"><span style=\"font-size:12pt\"><span style=\"line-height:115%\"><span style=\"font-family:Aptos,sans-serif\"><span arial=\"\" style=\"font-family:\">Benzeri bir s\u00f6m\u00fcr\u00fc durumu \u00e7ocuklar bak\u0131m\u0131ndan ya\u015fanmaktad\u0131r. Yerleri okullar, oyun parklar\u0131 olan \u00e7ocuklar, emek s\u00f6m\u00fcr\u00fcs\u00fcne maruz kalmaktad\u0131r.<\/p>\n<p style=\"text-align:justify; margin-bottom:11px\"><span style=\"font-size:12pt\"><span style=\"line-height:115%\"><span style=\"font-family:Aptos,sans-serif\"><span arial=\"\" style=\"font-family:\">Kapitalist sistemde ezilen bir di\u011fer kesim de m\u00fclteci ve g\u00f6\u00e7men i\u015f\u00e7ilerdir. \u00dclkelerini sava\u015flar, \u00e7at\u0131\u015fmalar veya ba\u015fka sebeplerle terk etmek durumunda kalan m\u00fclteciler ve g\u00f6\u00e7menler daha yo\u011fun bir emek s\u00f6m\u00fcr\u00fcs\u00fcne maruz kal\u0131yor. <\/p>\n<p style=\"text-align:justify; margin-bottom:11px\"><span style=\"font-size:12pt\"><span style=\"line-height:115%\"><span style=\"font-family:Aptos,sans-serif\"><span arial=\"\" style=\"font-family:\">\u0130\u015f\u00e7ilerin ve emek\u00e7ilerin insan onuruna yak\u0131\u015f\u0131r bir \u00fccret almas\u0131, \u00e7al\u0131\u015fma ko\u015fullar\u0131n\u0131n insan haklar\u0131 uygun olmas\u0131, kendilerinin oldu\u011fu kadar bu \u00fcr\u00fcnleri alan, hizmetlerden yararlananlar a\u00e7\u0131s\u0131ndan da \u00f6nemlidir. Nitelikli hizmetlerin sunulmas\u0131, insan sa\u011fl\u0131\u011f\u0131na ve \u00e7evreye zararl\u0131 olmayan \u00fcr\u00fcnlerin kullan\u0131lmas\u0131 da i\u015f\u00e7ilerin haklar\u0131 ve sendikal haklar ve de \u00f6zg\u00fcrl\u00fcklerin d\u00fczeyiyle ilgili.<\/p>\n<p style=\"text-align:justify; margin-bottom:11px\"><span style=\"font-size:12pt\"><span style=\"line-height:115%\"><span style=\"font-family:Aptos,sans-serif\"><span arial=\"\" style=\"font-family:\">Eme\u011fine her t\u00fcrl\u00fc s\u00f6m\u00fcr\u00fcs\u00fcne, sendikal haklar\u0131n ihlaline hay\u0131r demek, sava\u015fa kar\u015f\u0131 bar\u0131\u015f\u0131n yan\u0131nda durmak i\u00e7in Emek ve Demokrasi Platformu olarak 1 May\u0131s\u2019ta alanlarda olaca\u011f\u0131z.<\/p>\n<p style=\"text-align:justify; margin-bottom:11px\"><span style=\"font-size:12pt\"><span style=\"line-height:115%\"><span style=\"font-family:Aptos,sans-serif\"><span arial=\"\" style=\"font-family:\">Urfa Emek ve Demokrasi Platformu olarak bir kez daha i\u015f\u00e7ilerin, emek\u00e7ilerin 1 May\u0131s\u2019\u0131 kutluyoruz.&#8221;<\/p>\n","protected":false},"excerpt":{"rendered":"<p>\u015eanl\u0131urfa\u2019da 1 May\u0131s Emek ve Dayan\u0131\u015fma G\u00fcn\u00fc kapsam\u0131nda sendikalar ve \u00e7e\u015fitli platformlar bir araya gelerek&#8230;<\/p>\n","protected":false},"author":1,"featured_media":8763,"comment_status":"closed","ping_status":"open","sticky":false,"template":"","format":"standard","meta":{"footnotes":""},"categories":[1],"tags":[],"class_list":["post-8762","post","type-post","status-publish","format-standard","has-post-thumbnail","hentry","category-gundem"],"_links":{"self":[{"href":"https:\/\/haberadmin.com\/index.php?rest_route=\/wp\/v2\/posts\/8762","targetHints":{"allow":["GET"]}}],"collection":[{"href":"https:\/\/haberadmin.com\/index.php?rest_route=\/wp\/v2\/posts"}],"about":[{"href":"https:\/\/haberadmin.com\/index.php?rest_route=\/wp\/v2\/types\/post"}],"author":[{"embeddable":true,"href":"https:\/\/haberadmin.com\/index.php?rest_route=\/wp\/v2\/users\/1"}],"replies":[{"embeddable":true,"href":"https:\/\/haberadmin.com\/index.php?rest_route=%2Fwp%2Fv2%2Fcomments&post=8762"}],"version-history":[{"count":0,"href":"https:\/\/haberadmin.com\/index.php?rest_route=\/wp\/v2\/posts\/8762\/revisions"}],"wp:featuredmedia":[{"embeddable":true,"href":"https:\/\/haberadmin.com\/index.php?rest_route=\/wp\/v2\/media\/8763"}],"wp:attachment":[{"href":"https:\/\/haberadmin.com\/index.php?rest_route=%2Fwp%2Fv2%2Fmedia&parent=8762"}],"wp:term":[{"taxonomy":"category","embeddable":true,"href":"https:\/\/haberadmin.com\/index.php?rest_route=%2Fwp%2Fv2%2Fcategories&post=8762"},{"taxonomy":"post_tag","embeddable":true,"href":"https:\/\/haberadmin.com\/index.php?rest_route=%2Fwp%2Fv2%2Ftags&post=8762"}],"curies":[{"name":"wp","href":"https:\/\/api.w.org\/{rel}","templated":true}]}}