{"id":8752,"date":"2026-05-01T08:03:33","date_gmt":"2026-05-01T08:03:33","guid":{"rendered":"https:\/\/haberadmin.com\/?p=8752"},"modified":"2026-05-01T08:03:33","modified_gmt":"2026-05-01T08:03:33","slug":"urfada-kahreden-olay-arac-icinde-olu-bulundu","status":"publish","type":"post","link":"https:\/\/haberadmin.com\/?p=8752","title":{"rendered":"Urfa&#8217;da kahreden olay: Ara\u00e7 i\u00e7inde \u00f6l\u00fc bulundu!"},"content":{"rendered":"<p>Edinilen bilgiye g\u00f6re, olay sabah saatlerinde \u015eanl\u0131urfa\u2019n\u0131n Ceylanp\u0131nar il\u00e7esine ba\u011fl\u0131 Urfa Kap\u0131s\u0131 Caddesi\u2019nde ya\u015fand\u0131. Devriye g\u00f6revi yapan polis ekipleri, park halindeki bir otomobilden \u015f\u00fcphelendi. Otomobilin i\u00e7erisini kontrol eden polisler, s\u00fcr\u00fcc\u00fcn\u00fcn hareketsiz yatt\u0131\u011f\u0131n\u0131 fark edince sa\u011fl\u0131k ekiplerine haber verdi. Olay yerine gelen sa\u011fl\u0131k ekipleri, yapt\u0131klar\u0131 kontrolde \u015fahs\u0131n hayat\u0131n\u0131 kaybetti\u011fini belirledi.<\/p>\n<p><img loading=\"lazy\" decoding=\"async\" alt=\"\u015eanl\u0131urfa'da park halindeki otomobilin i\u00e7erisinde \u00f6l\u00fc bulundu!\" class=\"mx-auto max-w-full h-auto shadow-sm\" height=\"498\" src=\"https:\/\/www.urfahaber.com\/images\/uploads\/2026\/05\/aw695276-01-69f45d7c4ce81.jpg\" width=\"960\" \/><\/p>\n<h2><strong>K\u0130ML\u0130\u011e\u0130 BEL\u0130RLEND\u0130<\/strong><\/h2>\n<p>Yap\u0131lan ara\u015ft\u0131rmada \u015fahs\u0131n \u015eakir Ta\u015f isimli bir gen\u00e7 oldu\u011fu ve \u00f6l\u00fcm nedeninin ise ate\u015fli silahla ger\u00e7ekle\u015fti\u011fi belirlendi.<\/p>\n<p><img loading=\"lazy\" decoding=\"async\" alt=\"\u015eanl\u0131urfa'da park halindeki otomobilin i\u00e7erisinde \u00f6l\u00fc bulundu!\" class=\"mx-auto max-w-full h-auto shadow-sm\" height=\"675\" src=\"https:\/\/www.urfahaber.com\/images\/uploads\/2026\/05\/milli-egitim-bakanligindan-kahramanmarastaki-silahli-okul-saldirisiyla-ilgili-aciklama-8-69f45d8c7e828.webp\" width=\"1200\" \/><\/p>\n<p>Olay yerinde inceleme yapan ekipler, intihar \u015f\u00fcphesi \u00fczerinde dururken kesin \u00f6l\u00fcm nedeni ve \u015feklinin ise yap\u0131lacak otopsiden sonra ortaya \u00e7\u0131kaca\u011f\u0131 \u00f6\u011frenildi.<\/p>\n<p>Ceset, yap\u0131lan incelemenin ard\u0131ndan morga kald\u0131r\u0131l\u0131rken olayla ilgili ba\u015flat\u0131lan soru\u015fturma devam ediyor.<\/p>\n<p>kaynak:\u0130HA<\/p>\n","protected":false},"excerpt":{"rendered":"<p>Edinilen bilgiye g\u00f6re, olay sabah saatlerinde \u015eanl\u0131urfa\u2019n\u0131n Ceylanp\u0131nar il\u00e7esine ba\u011fl\u0131 Urfa Kap\u0131s\u0131 Caddesi\u2019nde ya\u015fand\u0131. Devriye&#8230;<\/p>\n","protected":false},"author":1,"featured_media":8753,"comment_status":"closed","ping_status":"open","sticky":false,"template":"","format":"standard","meta":{"footnotes":""},"categories":[1],"tags":[],"class_list":["post-8752","post","type-post","status-publish","format-standard","has-post-thumbnail","hentry","category-gundem"],"_links":{"self":[{"href":"https:\/\/haberadmin.com\/index.php?rest_route=\/wp\/v2\/posts\/8752","targetHints":{"allow":["GET"]}}],"collection":[{"href":"https:\/\/haberadmin.com\/index.php?rest_route=\/wp\/v2\/posts"}],"about":[{"href":"https:\/\/haberadmin.com\/index.php?rest_route=\/wp\/v2\/types\/post"}],"author":[{"embeddable":true,"href":"https:\/\/haberadmin.com\/index.php?rest_route=\/wp\/v2\/users\/1"}],"replies":[{"embeddable":true,"href":"https:\/\/haberadmin.com\/index.php?rest_route=%2Fwp%2Fv2%2Fcomments&post=8752"}],"version-history":[{"count":0,"href":"https:\/\/haberadmin.com\/index.php?rest_route=\/wp\/v2\/posts\/8752\/revisions"}],"wp:featuredmedia":[{"embeddable":true,"href":"https:\/\/haberadmin.com\/index.php?rest_route=\/wp\/v2\/media\/8753"}],"wp:attachment":[{"href":"https:\/\/haberadmin.com\/index.php?rest_route=%2Fwp%2Fv2%2Fmedia&parent=8752"}],"wp:term":[{"taxonomy":"category","embeddable":true,"href":"https:\/\/haberadmin.com\/index.php?rest_route=%2Fwp%2Fv2%2Fcategories&post=8752"},{"taxonomy":"post_tag","embeddable":true,"href":"https:\/\/haberadmin.com\/index.php?rest_route=%2Fwp%2Fv2%2Ftags&post=8752"}],"curies":[{"name":"wp","href":"https:\/\/api.w.org\/{rel}","templated":true}]}}