{"id":8673,"date":"2026-04-29T20:41:08","date_gmt":"2026-04-29T20:41:08","guid":{"rendered":"https:\/\/haberadmin.com\/?p=8673"},"modified":"2026-04-29T20:41:08","modified_gmt":"2026-04-29T20:41:08","slug":"vekil-senyasardan-mercan-iplik-iscileri-icin-tbmmye-soru-onergesi","status":"publish","type":"post","link":"https:\/\/haberadmin.com\/?p=8673","title":{"rendered":"Vekil \u015eenya\u015far\u2019dan, Mercan \u0130plik i\u015f\u00e7ileri i\u00e7in TBMM\u2019ye soru \u00f6nergesi!"},"content":{"rendered":"<p>Dem Parti \u015eanl\u0131urfa Milletvekili Ferit \u015eenya\u015far, \u015eanl\u0131urfa\u2019da faaliyet g\u00f6steren Mercan \u0130plik Tekstil Sanayi ve Ticaret A.\u015e. b\u00fcnyesinde \u00e7al\u0131\u015fan \u00e7ok say\u0131da i\u015f\u00e7inin, \u015firketin konkordato ilan etmesi ve \u00fcretimin durdurulmas\u0131 gerek\u00e7esiyle i\u015ften \u00e7\u0131kar\u0131ld\u0131\u011f\u0131 iddialar\u0131 T\u00fcrkiye B\u00fcy\u00fck Millet Meclisi (TBMM) g\u00fcndemine ta\u015f\u0131d\u0131.<\/p>\n<p>\u0130\u015f akitleri feshedilen baz\u0131 \u00e7al\u0131\u015fanlar\u0131n yasal bildirim s\u00fcrelerine uyulmadan i\u015ften \u00e7\u0131kar\u0131ld\u0131\u011f\u0131, uzun s\u00fcredir \u00fccret alacaklar\u0131n\u0131n \u00f6denmedi\u011fi ve SGK i\u015ften ayr\u0131l\u0131\u015f bildirimlerindeki usuls\u00fczl\u00fckler nedeniyle i\u015fsizlik \u00f6dene\u011fine eri\u015fimde sorun ya\u015fand\u0131\u011f\u0131 ileri s\u00fcr\u00fcl\u00fcyor.<\/p>\n<p><strong>\u00dcCRET VE TAZM\u0130NAT \u0130DD\u0130ALARI<\/strong><\/p>\n<p>\u0130\u015f\u00e7ilerin y\u0131l ba\u015f\u0131ndan bu yana birikmi\u015f \u00fccretlerini alamad\u0131\u011f\u0131, k\u0131dem ve ihbar tazminat\u0131 ile di\u011fer yasal haklar\u0131na ula\u015famad\u0131\u011f\u0131, bunun da \u00e7al\u0131\u015fanlar ve aileleri a\u00e7\u0131s\u0131ndan ciddi ekonomik ma\u011fduriyetlere yol a\u00e7t\u0131\u011f\u0131 iddia ediliyor.<\/p>\n<p><strong>MECL\u0130S\u2019E SUNULAN SORU \u00d6NERGES\u0130<\/strong><\/p>\n<p>DEM Parti \u015eanl\u0131urfa Milletvekili Ferit \u015eenya\u015far, \u00c7al\u0131\u015fma ve Sosyal G\u00fcvenlik Bakan\u0131 Vedat I\u015f\u0131khan\u2019\u0131n yan\u0131tlamas\u0131 istemiyle T\u00fcrkiye B\u00fcy\u00fck Millet Meclisi\u2019ne yaz\u0131l\u0131 soru \u00f6nergesi verdi.<\/p>\n<p><strong>BAKANLI\u011eA Y\u00d6NELT\u0130LEN SORULAR<\/strong><\/p>\n<p>\u015eenya\u015far\u2019\u0131n \u00f6nergesinde Bakanl\u0131\u011fa \u015fu sorular y\u00f6neltildi:<\/p>\n<p>1. \u015eanl\u0131urfa\u2019da faaliyet g\u00f6steren Mercan \u0130plik b\u00fcnyesinde, konkordato s\u00fcreci ve \u00fcretimin durdurulmas\u0131 gerek\u00e7esiyle i\u015f akdi feshedilen toplam i\u015f\u00e7i say\u0131s\u0131 ka\u00e7t\u0131r? \u0130\u015f\u00e7ilere yasal bildirim s\u00fcrelerine uyulmadan \u00e7\u0131k\u0131\u015f verildi\u011fi iddialar\u0131 Bakanl\u0131\u011f\u0131n\u0131zca incelenmi\u015f midir?<\/p>\n<p>2. \u0130\u015ften \u00e7\u0131kar\u0131lan i\u015f\u00e7ilerin SGK i\u015ften ayr\u0131l\u0131\u015f bildirgelerinin (\u00e7\u0131k\u0131\u015f kodlar\u0131n\u0131n) zaman\u0131nda yap\u0131lmad\u0131\u011f\u0131, hatal\u0131 yap\u0131ld\u0131\u011f\u0131 veya hi\u00e7 yap\u0131lmad\u0131\u011f\u0131 y\u00f6n\u00fcndeki \u015fikayetler Bakanl\u0131\u011f\u0131n\u0131z\u0131n malumu mudur? \u0130\u015eKUR kay\u0131tlar\u0131na yans\u0131yan bu ma\u011fduriyetin idari yoldan ivedilikle \u00e7\u00f6z\u00fclmesi i\u00e7in bir giri\u015fimde bulunulacak m\u0131d\u0131r?<\/p>\n<p>3. \u0130\u015f\u00e7ilerin y\u0131l ba\u015f\u0131ndan bu yana birikmi\u015f ve \u00f6denmemi\u015f temel \u00fccret alacaklar\u0131 i\u00e7in &#8220;\u00dccret Garanti Fonu&#8221;nun devreye sokulmas\u0131 hususunda Bakanl\u0131\u011f\u0131n\u0131zca y\u00fcr\u00fct\u00fclen bir \u00e7al\u0131\u015fma var m\u0131d\u0131r?<\/p>\n<p>4. \u0130\u015f akdi feshedilen i\u015f\u00e7ilerin k\u0131dem ve ihbar tazminat\u0131, y\u0131ll\u0131k izin ve fazla mesai gibi yasal haklar\u0131n\u0131n \u00f6denmedi\u011fi dikkate al\u0131nd\u0131\u011f\u0131nda; konkordato s\u00fcreci devam ederken i\u015f\u00e7i alacaklar\u0131n\u0131n &#8220;\u00f6ncelikli alacak&#8221; stat\u00fcs\u00fcnde korunmas\u0131 ad\u0131na Bakanl\u0131\u011f\u0131n\u0131z bir ad\u0131m atacak m\u0131d\u0131r?<\/p>\n<p>5. \u0130\u015f Kanunu\u2019ndan do\u011fan y\u00fck\u00fcml\u00fcl\u00fcklerini yerine getirmeyen ilgili \u015firket hakk\u0131nda Bakanl\u0131\u011f\u0131n\u0131z \u0130\u015f M\u00fcfetti\u015fleri taraf\u0131ndan bug\u00fcne kadar bir denetim yap\u0131lm\u0131\u015f m\u0131d\u0131r? Yap\u0131lmad\u0131ysa, ya\u015fanan a\u011f\u0131r hak ihlallerinin tespiti i\u00e7in acilen bir m\u00fcfetti\u015f g\u00f6revlendirmesi yap\u0131lacak m\u0131d\u0131r?<\/p>\n<p>\u00a0<\/p>\n","protected":false},"excerpt":{"rendered":"<p>Dem Parti \u015eanl\u0131urfa Milletvekili Ferit \u015eenya\u015far, \u015eanl\u0131urfa\u2019da faaliyet g\u00f6steren Mercan \u0130plik Tekstil Sanayi ve Ticaret&#8230;<\/p>\n","protected":false},"author":1,"featured_media":0,"comment_status":"closed","ping_status":"open","sticky":false,"template":"","format":"standard","meta":{"footnotes":""},"categories":[1],"tags":[],"class_list":["post-8673","post","type-post","status-publish","format-standard","hentry","category-gundem"],"_links":{"self":[{"href":"https:\/\/haberadmin.com\/index.php?rest_route=\/wp\/v2\/posts\/8673","targetHints":{"allow":["GET"]}}],"collection":[{"href":"https:\/\/haberadmin.com\/index.php?rest_route=\/wp\/v2\/posts"}],"about":[{"href":"https:\/\/haberadmin.com\/index.php?rest_route=\/wp\/v2\/types\/post"}],"author":[{"embeddable":true,"href":"https:\/\/haberadmin.com\/index.php?rest_route=\/wp\/v2\/users\/1"}],"replies":[{"embeddable":true,"href":"https:\/\/haberadmin.com\/index.php?rest_route=%2Fwp%2Fv2%2Fcomments&post=8673"}],"version-history":[{"count":0,"href":"https:\/\/haberadmin.com\/index.php?rest_route=\/wp\/v2\/posts\/8673\/revisions"}],"wp:attachment":[{"href":"https:\/\/haberadmin.com\/index.php?rest_route=%2Fwp%2Fv2%2Fmedia&parent=8673"}],"wp:term":[{"taxonomy":"category","embeddable":true,"href":"https:\/\/haberadmin.com\/index.php?rest_route=%2Fwp%2Fv2%2Fcategories&post=8673"},{"taxonomy":"post_tag","embeddable":true,"href":"https:\/\/haberadmin.com\/index.php?rest_route=%2Fwp%2Fv2%2Ftags&post=8673"}],"curies":[{"name":"wp","href":"https:\/\/api.w.org\/{rel}","templated":true}]}}