{"id":8650,"date":"2026-04-29T10:57:10","date_gmt":"2026-04-29T10:57:10","guid":{"rendered":"https:\/\/haberadmin.com\/?p=8650"},"modified":"2026-04-29T10:57:10","modified_gmt":"2026-04-29T10:57:10","slug":"urfada-belediye-baskani-olsaniz-ilk-neyi-degistirirdiniz-iste-dikkat-ceken-yanitlar","status":"publish","type":"post","link":"https:\/\/haberadmin.com\/?p=8650","title":{"rendered":"Urfa\u2019da Belediye Ba\u015fkan\u0131 olsan\u0131z ilk neyi de\u011fi\u015ftirirdiniz? \u0130\u015fte dikkat \u00e7eken yan\u0131tlar!"},"content":{"rendered":"<p>\u015eanl\u0131urfa, artan n\u00fcfusu ve h\u0131zla geni\u015fleyen yap\u0131s\u0131yla birlikte altyap\u0131 ve ula\u015f\u0131m gibi alanlarda \u00e7e\u015fitli beklentileri beraberinde getiriyor.<\/p>\n<p>\u015eehrin y\u00f6netiminde yetki sahibi olmak isteyen vatanda\u015flar, g\u00fcnl\u00fck hayatta kar\u015f\u0131la\u015ft\u0131klar\u0131 durumlar\u0131 ve \u015fehre dair vizyonlar\u0131n\u0131 anlatt\u0131.<\/p>\n<p>\u00d6zellikle toplu ta\u015f\u0131ma ve sanayi yollar\u0131ndaki durum ile kentin manevi yap\u0131s\u0131na y\u00f6nelik talepler \u00f6ne \u00e7\u0131karken, mevcut yerel y\u00f6netimden ve \u015fehrin gidi\u015fat\u0131ndan olduk\u00e7a memnun olan vatanda\u015flar da dikkat \u00e7ekti.<\/p>\n<p><img loading=\"lazy\" decoding=\"async\" alt=\"Urfa\u2019da Belediye Ba\u015fkan\u0131 olsan\u0131z ilk neyi de\u011fi\u015ftirirdiniz? \u0130\u015fte dikkat \u00e7eken yan\u0131tlar!\" class=\"mx-auto max-w-full h-auto shadow-sm\" height=\"900\" src=\"https:\/\/www.urfahaber.com\/images\/uploads\/2026\/04\/whatsapp-image-2026-04-28-at-144312-69f1e485c2f04.jpeg\" width=\"1200\" \/><\/p>\n<p>Bir g\u00fcnl\u00fc\u011f\u00fcne B\u00fcy\u00fck\u015fehir Belediye Ba\u015fkan\u0131 olma f\u0131rsat\u0131 verilse, \u015eanl\u0131urfal\u0131lar\u0131n kente dair yapacaklar\u0131 ilk icraatlar \u015fu \u015fekilde s\u0131raland\u0131:<\/p>\n<p>Kentin inan\u00e7 turizmi a\u00e7\u0131s\u0131ndan en \u00f6nemli merkezlerinden biri olan Bal\u0131kl\u0131g\u00f6l ile ilgili de\u011ferlendirmelerde bulunan bir vatanda\u015f, alan\u0131n manevi atmosferine uygun ad\u0131mlar at\u0131lmas\u0131 gerekti\u011fini belirtti. Vatanda\u015f, &#8220;Buras\u0131 peygamberler \u015fehri, Halil \u0130brahim mekan\u0131d\u0131r. Ba\u015fkan olsayd\u0131m, Bal\u0131kl\u0131g\u00f6l&#8217;e giri\u015f ve \u00e7\u0131k\u0131\u015flarda kad\u0131nlarda\u00a0t\u00fcrbanl\u0131 olarak girmelerini sa\u011flard\u0131m. Bu kural\u0131n mekana \u00e7ok daha g\u00fczel yak\u0131\u015faca\u011f\u0131n\u0131 d\u00fc\u015f\u00fcn\u00fcyorum&#8221; ifadelerini kulland\u0131.<\/p>\n<h6><strong>ULA\u015eIM S\u0130STEM\u0130NE TEPK\u0130<\/strong><\/h6>\n<p>Kentteki ula\u015f\u0131m a\u011f\u0131 vatanda\u015flar\u0131n en \u00e7ok ele\u015ftirdi\u011fi konular\u0131n ba\u015f\u0131nda geliyor. Bir b\u00f6lge sakini, yetkisi olmas\u0131 durumunda ilk m\u00fcdahalesini ula\u015f\u0131ma yapaca\u011f\u0131n\u0131 belirterek, &#8220;Urfa&#8217;da ula\u015f\u0131m sistemi neredeyse hi\u00e7 yok. Ula\u015f\u0131m a\u00e7\u0131s\u0131ndan durum \u00e7ok k\u00f6t\u00fc, ilk i\u015fim bunu de\u011fi\u015ftirmek olurdu&#8221; dedi.<\/p>\n<p><img loading=\"lazy\" decoding=\"async\" alt=\"Urfa\u2019da Belediye Ba\u015fkan\u0131 olsan\u0131z ilk neyi de\u011fi\u015ftirirdiniz? \u0130\u015fte dikkat \u00e7eken yan\u0131tlar!\" class=\"mx-auto max-w-full h-auto shadow-sm\" height=\"675\" src=\"https:\/\/www.urfahaber.com\/images\/uploads\/2026\/04\/dsc00560-69f1e3d794320.jpg\" width=\"1200\" \/><\/p>\n<h6><strong>&#8220;OTOB\u00dcSLERDE DEPREM OLUYOR G\u0130B\u0130 H\u0130SSED\u0130YORUZ&#8221;<\/strong><\/h6>\n<p>\u00d6zellikle sanayi sitesi yollar\u0131ndaki durum hem s\u00fcr\u00fcc\u00fclerin hem de toplu ta\u015f\u0131ma kullanan vatanda\u015flar\u0131n g\u00fcndemindeydi. Ya\u015fanan fiziki zorluklar\u0131 \u00e7arp\u0131c\u0131 s\u00f6zlerle anlatan bir vatanda\u015f, &#8220;Yollar o kadar k\u00f6t\u00fc ki bir otob\u00fcse bindi\u011fimizde \u00e7ukurlara vurduk\u00e7a deprem oluyor san\u0131p bir kenara saklan\u0131yoruz. Otob\u00fcs da\u011f\u0131lacak gibi oluyor. Sanayi yollar\u0131nda ne motor ne de araba kullan\u0131labiliyor. Arac\u0131m\u0131z\u0131 tamirciye g\u00f6t\u00fcr\u00fcyoruz, sanayiden \u00e7\u0131kmadan tekrar ar\u0131zalan\u0131yor. Kesinlikle sanayi yollar\u0131n\u0131n yap\u0131lmas\u0131n\u0131 talep ediyorum&#8221; diyerek durumu dile getirdi.<\/p>\n<p><img loading=\"lazy\" decoding=\"async\" alt=\"Urfa\u2019da Belediye Ba\u015fkan\u0131 olsan\u0131z ilk neyi de\u011fi\u015ftirirdiniz? \u0130\u015fte dikkat \u00e7eken yan\u0131tlar!\" class=\"mx-auto max-w-full h-auto shadow-sm\" height=\"675\" src=\"https:\/\/www.urfahaber.com\/images\/uploads\/2026\/04\/dsc00561-69f1e3e3ca896.jpg\" width=\"1200\" \/><\/p>\n<h6><strong>\u0130LK HEDEF YOLLARI ONARMAK<\/strong><\/h6>\n<p>Benzer \u015fekilde yollar\u0131n durumuna dikkat \u00e7eken bir ba\u015fka vatanda\u015f da kentin altyap\u0131s\u0131na vurgu yapt\u0131. Urfa yollar\u0131n\u0131n onar\u0131ma ihtiyac\u0131 oldu\u011funu ifade eden vatanda\u015f, &#8220;Defalarca s\u00f6ylememize ra\u011fmen yap\u0131lm\u0131yor. Belediye ba\u015fkan\u0131 olsayd\u0131m yapaca\u011f\u0131m ilk i\u015f kesinlikle t\u00fcm yollar\u0131 temizlemek ve onarmak olurdu&#8221; diye konu\u015ftu.<\/p>\n<p><img loading=\"lazy\" decoding=\"async\" alt=\"Urfa\u2019da Belediye Ba\u015fkan\u0131 olsan\u0131z ilk neyi de\u011fi\u015ftirirdiniz? \u0130\u015fte dikkat \u00e7eken yan\u0131tlar!\" class=\"mx-auto max-w-full h-auto shadow-sm\" height=\"675\" src=\"https:\/\/www.urfahaber.com\/images\/uploads\/2026\/04\/dsc00565-69f1e3fd90206.jpg\" width=\"1200\" \/><\/p>\n<h6><strong>&#8220;DE\u011e\u0130\u015eMES\u0130 GEREKEN H\u0130\u00c7B\u0130R \u015eEY YOK, BA\u015eKANDAN MEMNUNUZ&#8221;<\/strong><\/h6>\n<p>De\u011fi\u015fim taleplerinin ve ele\u015ftirilerin aksine, \u015fehrin mevcut durumundan ve belediye hizmetlerinden olduk\u00e7a memnun olan vatanda\u015flar da mikrofonlar\u0131m\u0131za yans\u0131d\u0131. \u015eanl\u0131urfa&#8217;da her \u015feyin yolunda oldu\u011funu ve bir g\u00fcnl\u00fc\u011f\u00fcne ba\u015fkan olsa bile mevcut d\u00fczeni koruyaca\u011f\u0131n\u0131 belirten bir vatanda\u015f, &#8220;\u015eanl\u0131urfa gayet g\u00fczel, yollar\u0131 g\u00fczel. Belediye ba\u015fkan\u0131m\u0131zdan \u00e7ok memnunuz. Bence \u015eanl\u0131urfa\u2019da de\u011fi\u015fmesi gereken hi\u00e7bir \u015fey yok, her \u015fey gayet g\u00fczel&#8221; diyerek memnuniyetini dile getirdi.<\/p>\n<p><img loading=\"lazy\" decoding=\"async\" alt=\"Urfa\u2019da Belediye Ba\u015fkan\u0131 olsan\u0131z ilk neyi de\u011fi\u015ftirirdiniz? \u0130\u015fte dikkat \u00e7eken yan\u0131tlar!\" class=\"mx-auto max-w-full h-auto shadow-sm\" height=\"675\" src=\"https:\/\/www.urfahaber.com\/images\/uploads\/2026\/04\/dsc00567-69f1e4061cc4c.jpg\" width=\"1200\" \/><\/p>\n","protected":false},"excerpt":{"rendered":"<p>\u015eanl\u0131urfa, artan n\u00fcfusu ve h\u0131zla geni\u015fleyen yap\u0131s\u0131yla birlikte altyap\u0131 ve ula\u015f\u0131m gibi alanlarda \u00e7e\u015fitli beklentileri&#8230;<\/p>\n","protected":false},"author":1,"featured_media":8651,"comment_status":"closed","ping_status":"open","sticky":false,"template":"","format":"standard","meta":{"footnotes":""},"categories":[1],"tags":[],"class_list":["post-8650","post","type-post","status-publish","format-standard","has-post-thumbnail","hentry","category-gundem"],"_links":{"self":[{"href":"https:\/\/haberadmin.com\/index.php?rest_route=\/wp\/v2\/posts\/8650","targetHints":{"allow":["GET"]}}],"collection":[{"href":"https:\/\/haberadmin.com\/index.php?rest_route=\/wp\/v2\/posts"}],"about":[{"href":"https:\/\/haberadmin.com\/index.php?rest_route=\/wp\/v2\/types\/post"}],"author":[{"embeddable":true,"href":"https:\/\/haberadmin.com\/index.php?rest_route=\/wp\/v2\/users\/1"}],"replies":[{"embeddable":true,"href":"https:\/\/haberadmin.com\/index.php?rest_route=%2Fwp%2Fv2%2Fcomments&post=8650"}],"version-history":[{"count":0,"href":"https:\/\/haberadmin.com\/index.php?rest_route=\/wp\/v2\/posts\/8650\/revisions"}],"wp:featuredmedia":[{"embeddable":true,"href":"https:\/\/haberadmin.com\/index.php?rest_route=\/wp\/v2\/media\/8651"}],"wp:attachment":[{"href":"https:\/\/haberadmin.com\/index.php?rest_route=%2Fwp%2Fv2%2Fmedia&parent=8650"}],"wp:term":[{"taxonomy":"category","embeddable":true,"href":"https:\/\/haberadmin.com\/index.php?rest_route=%2Fwp%2Fv2%2Fcategories&post=8650"},{"taxonomy":"post_tag","embeddable":true,"href":"https:\/\/haberadmin.com\/index.php?rest_route=%2Fwp%2Fv2%2Ftags&post=8650"}],"curies":[{"name":"wp","href":"https:\/\/api.w.org\/{rel}","templated":true}]}}