{"id":8648,"date":"2026-04-29T10:27:33","date_gmt":"2026-04-29T10:27:33","guid":{"rendered":"https:\/\/haberadmin.com\/?p=8648"},"modified":"2026-04-29T10:27:33","modified_gmt":"2026-04-29T10:27:33","slug":"sanliurfada-kultur-evi-gibi-kutuphane-osmanliyi-dunyaya-tanitiyor","status":"publish","type":"post","link":"https:\/\/haberadmin.com\/?p=8648","title":{"rendered":"\u015eanl\u0131urfa\u2019da k\u00fclt\u00fcr evi gibi k\u00fct\u00fcphane! Osmanl\u0131\u2019y\u0131 d\u00fcnyaya tan\u0131t\u0131yor!"},"content":{"rendered":"<p>\u015eanl\u0131urfa\u2019da ya\u015fayan Suriyeli yazar Salim \u015eibib, kurdu\u011fu k\u00fc\u00e7\u00fck k\u00fct\u00fcphanede farkl\u0131 dillerde eserleri bir araya getiriyor. Raflarda yer alan ve en \u00e7ok dikkat \u00e7eken eserler ise Osmanl\u0131 padi\u015fahlar\u0131n\u0131n hayat\u0131n\u0131 anlatan kitaplar oldu.<\/p>\n<p><img loading=\"lazy\" decoding=\"async\" alt=\"\u015eanl\u0131urfa\u2019da k\u00fclt\u00fcr evi gibi k\u00fct\u00fcphane! Osmanl\u0131\u2019y\u0131 d\u00fcnyaya tan\u0131t\u0131yor!\" class=\"mx-auto max-w-full h-auto shadow-sm\" height=\"675\" src=\"https:\/\/www.urfahaber.com\/images\/uploads\/2026\/04\/whatsapp-image-2026-04-29-at-95402-am-69f1ad9a4724a.jpeg\" width=\"1200\" \/><\/p>\n<p>Uluslararas\u0131 kitap fuarlar\u0131na kat\u0131lan ve bu organizasyonlarda Kuveyt temsilcili\u011fi yapan \u015eibib, \u00f6zellikle Osmanl\u0131 padi\u015fahlar\u0131n\u0131 anlatan kitaplar\u0131n farkl\u0131 \u00fclkelerde b\u00fcy\u00fck ilgi g\u00f6rd\u00fc\u011f\u00fcn\u00fc s\u00f6yledi.<\/p>\n<p><img loading=\"lazy\" decoding=\"async\" alt=\"\u015eanl\u0131urfa\u2019da k\u00fclt\u00fcr evi gibi k\u00fct\u00fcphane! Osmanl\u0131\u2019y\u0131 d\u00fcnyaya tan\u0131t\u0131yor!\" class=\"mx-auto max-w-full h-auto shadow-sm\" height=\"900\" src=\"https:\/\/www.urfahaber.com\/images\/uploads\/2026\/04\/whatsapp-image-2026-04-29-at-95402-am-3-69f1ada927d0e.jpeg\" width=\"1200\" \/><\/p>\n<p>\u015eanl\u0131urfa\u2019daki k\u00fc\u00e7\u00fck k\u00fct\u00fcphanesinde \u0130ngilizce, T\u00fcrk\u00e7e, Arap\u00e7a ve Almanca esere yer verdi\u011fini belirten \u015eibib, \u201cBenim yazd\u0131\u011f\u0131m \u00fc\u00e7 kitab\u0131m var. Bir kitab\u0131m hikaye, di\u011fer iki kitab\u0131m ise destek kitab\u0131d\u0131r. Uluslararas\u0131 kitap fuarlar\u0131na kat\u0131l\u0131yorum ve bu fuarlarda Kuveyt temsilcili\u011fi yap\u0131yorum. \u015eanl\u0131urfa\u2019da a\u00e7m\u0131\u015f oldu\u011fum k\u00fc\u00e7\u00fck k\u00fct\u00fcphanemde farkl\u0131 dillerde kitaplar bulunduruyorum.<\/p>\n<p><img loading=\"lazy\" decoding=\"async\" alt=\"\u015eanl\u0131urfa\u2019da k\u00fclt\u00fcr evi gibi k\u00fct\u00fcphane! Osmanl\u0131\u2019y\u0131 d\u00fcnyaya tan\u0131t\u0131yor!\" class=\"mx-auto max-w-full h-auto shadow-sm\" height=\"900\" src=\"https:\/\/www.urfahaber.com\/images\/uploads\/2026\/04\/whatsapp-image-2026-04-29-at-95401-am-69f1adc3bc0e5.jpeg\" width=\"1200\" \/><\/p>\n<p>Burada \u0130ngilizce, T\u00fcrk\u00e7e, Arap\u00e7a ve Almanca gibi dillerde \u00e7ok say\u0131da kitap yer al\u0131yor. K\u00fct\u00fcphanemde, Osmanl\u0131 padi\u015fahlar\u0131n\u0131n hayat\u0131n\u0131 konu edinen kitaplar da var. Padi\u015fah Abd\u00fclhamid, Abd\u00fclmecid ve Sultan S\u00fcleyman gibi Osmanl\u0131 padi\u015fahlar\u0131n\u0131n hayat\u0131n\u0131 anlatan kitaplar bulunuyor\u201d ifadelerini kulland\u0131.<\/p>\n<p><img loading=\"lazy\" decoding=\"async\" alt=\"\u015eanl\u0131urfa\u2019da k\u00fclt\u00fcr evi gibi k\u00fct\u00fcphane! Osmanl\u0131\u2019y\u0131 d\u00fcnyaya tan\u0131t\u0131yor!\" class=\"mx-auto max-w-full h-auto shadow-sm\" height=\"675\" src=\"https:\/\/www.urfahaber.com\/images\/uploads\/2026\/04\/whatsapp-image-2026-04-29-at-95402-am-2-69f1adee3624c.jpeg\" width=\"1200\" \/><\/p>\n<h2><strong>OSMANLI PAD\u0130\u015eAHLARINA YO\u011eUN \u0130LG\u0130<\/strong><\/h2>\n<p>Osmanl\u0131 padi\u015fahlar\u0131ndan Abd\u00fclhamid, Abd\u00fclmecid ve Sultan S\u00fcleyman\u2019\u0131n hayatlar\u0131n\u0131 konu alan kitaplar\u0131n \u00f6ne \u00e7\u0131kt\u0131\u011f\u0131n\u0131 vurgulayan \u015eibib, bu eserleri kat\u0131ld\u0131\u011f\u0131 uluslararas\u0131 fuarlarda da okuyucularla bulu\u015fturdu\u011funu kaydetti.<\/p>\n<p><img loading=\"lazy\" decoding=\"async\" alt=\"\u015eanl\u0131urfa\u2019da k\u00fclt\u00fcr evi gibi k\u00fct\u00fcphane! Osmanl\u0131\u2019y\u0131 d\u00fcnyaya tan\u0131t\u0131yor!\" class=\"mx-auto max-w-full h-auto shadow-sm\" height=\"675\" src=\"https:\/\/www.urfahaber.com\/images\/uploads\/2026\/04\/whatsapp-image-2026-04-29-at-95401-am-4-69f1ae09d1b65.jpeg\" width=\"1200\" \/><\/p>\n<p>\u00d6zellikle Osmanl\u0131 Devleti\u2019nin h\u00fck\u00fcm s\u00fcrd\u00fc\u011f\u00fc co\u011frafyalarda bu kitaplara talebin y\u00fcksek oldu\u011funu dile getiren \u015eibib, \u201cKat\u0131ld\u0131\u011f\u0131m uluslararas\u0131 kitap fuarlar\u0131nda, Osmanl\u0131 padi\u015fahlar\u0131n\u0131n hayat\u0131n\u0131 anlatan bu kitaplar\u0131 da yan\u0131mda g\u00f6t\u00fcr\u00fcyorum. \u00d6zellikle Osmanl\u0131 Devleti\u2019nin h\u00fck\u00fcm s\u00fcrd\u00fc\u011f\u00fc b\u00f6lgelerde bu kitaplara ilgi ve talep olduk\u00e7a y\u00fcksek.<\/p>\n<p><img loading=\"lazy\" decoding=\"async\" alt=\"\u015eanl\u0131urfa\u2019da k\u00fclt\u00fcr evi gibi k\u00fct\u00fcphane! Osmanl\u0131\u2019y\u0131 d\u00fcnyaya tan\u0131t\u0131yor!\" class=\"mx-auto max-w-full h-auto shadow-sm\" height=\"900\" src=\"https:\/\/www.urfahaber.com\/images\/uploads\/2026\/04\/whatsapp-image-2026-04-29-at-95401-am-1-69f1dcfbf24fa.jpeg\" width=\"1200\" \/><\/p>\n<p>Bu kitaplar o b\u00f6lgelerde \u00e7ok seviliyor ve ilgiyle okunuyor. \u00d6zellikle Suudi Arabistan, Katar, M\u0131s\u0131r ve Fas gibi \u00fclkelerde Osmanl\u0131 padi\u015fahlar\u0131 \u00e7ok seviliyor ve bu kitaplar da oralarda b\u00fcy\u00fck ilgi g\u00f6r\u00fcyor\u201d ifadelerine yer verdi.<\/p>\n<h6><em><strong>Haber: Esma Albayrak-Joud Al Sfouk\u00a0<\/strong><\/em><\/h6>\n","protected":false},"excerpt":{"rendered":"<p>\u015eanl\u0131urfa\u2019da ya\u015fayan Suriyeli yazar Salim \u015eibib, kurdu\u011fu k\u00fc\u00e7\u00fck k\u00fct\u00fcphanede farkl\u0131 dillerde eserleri bir araya getiriyor&#8230;.<\/p>\n","protected":false},"author":1,"featured_media":8649,"comment_status":"closed","ping_status":"open","sticky":false,"template":"","format":"standard","meta":{"footnotes":""},"categories":[1],"tags":[],"class_list":["post-8648","post","type-post","status-publish","format-standard","has-post-thumbnail","hentry","category-gundem"],"_links":{"self":[{"href":"https:\/\/haberadmin.com\/index.php?rest_route=\/wp\/v2\/posts\/8648","targetHints":{"allow":["GET"]}}],"collection":[{"href":"https:\/\/haberadmin.com\/index.php?rest_route=\/wp\/v2\/posts"}],"about":[{"href":"https:\/\/haberadmin.com\/index.php?rest_route=\/wp\/v2\/types\/post"}],"author":[{"embeddable":true,"href":"https:\/\/haberadmin.com\/index.php?rest_route=\/wp\/v2\/users\/1"}],"replies":[{"embeddable":true,"href":"https:\/\/haberadmin.com\/index.php?rest_route=%2Fwp%2Fv2%2Fcomments&post=8648"}],"version-history":[{"count":0,"href":"https:\/\/haberadmin.com\/index.php?rest_route=\/wp\/v2\/posts\/8648\/revisions"}],"wp:featuredmedia":[{"embeddable":true,"href":"https:\/\/haberadmin.com\/index.php?rest_route=\/wp\/v2\/media\/8649"}],"wp:attachment":[{"href":"https:\/\/haberadmin.com\/index.php?rest_route=%2Fwp%2Fv2%2Fmedia&parent=8648"}],"wp:term":[{"taxonomy":"category","embeddable":true,"href":"https:\/\/haberadmin.com\/index.php?rest_route=%2Fwp%2Fv2%2Fcategories&post=8648"},{"taxonomy":"post_tag","embeddable":true,"href":"https:\/\/haberadmin.com\/index.php?rest_route=%2Fwp%2Fv2%2Ftags&post=8648"}],"curies":[{"name":"wp","href":"https:\/\/api.w.org\/{rel}","templated":true}]}}