{"id":8644,"date":"2026-04-29T09:26:19","date_gmt":"2026-04-29T09:26:19","guid":{"rendered":"https:\/\/haberadmin.com\/?p=8644"},"modified":"2026-04-29T09:26:19","modified_gmt":"2026-04-29T09:26:19","slug":"harran-universitesinden-dunya-asi-haftasinda-farkindalik-etkinligi","status":"publish","type":"post","link":"https:\/\/haberadmin.com\/?p=8644","title":{"rendered":"Harran \u00dcniversitesi&#8217;nden D\u00fcnya A\u015f\u0131 Haftas\u0131&#8217;nda fark\u0131ndal\u0131k etkinli\u011fi!"},"content":{"rendered":"<p>Hastane giri\u015finde kurulan bilgilendirme stand\u0131nda vatanda\u015flara a\u015f\u0131n\u0131n \u00f6nemi ve ba\u011f\u0131\u015f\u0131klaman\u0131n toplum sa\u011fl\u0131\u011f\u0131 \u00fczerindeki kritik rol\u00fc anlat\u0131ld\u0131. Sadece ba\u015far\u0131l\u0131 operasyonlar\u0131yla de\u011fil, akademik \u00e7al\u0131\u015fmalar\u0131 ve sosyal sorumluluk etkinlikleriyle de \u00f6ne \u00e7\u0131kan Harran \u00dcniversitesi hastanesinde d\u00fczenlenen programa; Ba\u015fhekim Yard\u0131mc\u0131s\u0131 Dr. \u00d6\u011fr. \u00dcyesi Mehmet \u0130nceb\u0131y\u0131k, ba\u015fhem\u015fire ve e\u011fitim hem\u015fireleri kat\u0131ld\u0131. G\u00fcn boyunca sa\u011fl\u0131k \u00e7al\u0131\u015fanlar\u0131 vatanda\u015flarla birebir ileti\u015fim kurarak a\u015f\u0131lama konusunda bilgilendirme yapt\u0131.<\/p>\n<h2>\u00a0A\u015eI HER YA\u015e \u0130\u00c7\u0130N GEREKL\u0130D\u0130R<\/h2>\n<p>Harran \u00dcniversitesi Hastanesi Enfeksiyon Hastal\u0131klar\u0131 ve Klinik Mikrobiyoloji Anabilim Dal\u0131\u2019ndan Do\u00e7. Dr. Tuba Damar \u00c7ak\u0131rca, D\u00fcnya Sa\u011fl\u0131k \u00d6rg\u00fct\u00fc koordinasyonunda y\u00fcr\u00fct\u00fclen D\u00fcnya A\u015f\u0131 Haftas\u0131\u2019n\u0131n \u00f6nemine dikkat \u00e7ekti.<\/p>\n<p>2026 y\u0131l\u0131 temas\u0131n\u0131n \u201cHer Nesil \u0130\u00e7in A\u015f\u0131lar \u0130\u015fe Yarar\u201d oldu\u011funu hat\u0131rlatan Do\u00e7. Dr. \u00c7ak\u0131rca, \u201cBa\u011f\u0131\u015f\u0131klama yaln\u0131zca \u00e7ocukluk d\u00f6nemine ait de\u011fildir. A\u015f\u0131lar, ya\u015fam boyu devam eden en etkili koruyucu sa\u011fl\u0131k hizmetlerinden biridir\u201d dedi.<\/p>\n<p><img loading=\"lazy\" decoding=\"async\" alt=\"G\u00f6rsel\" class=\"mx-auto max-w-full h-auto shadow-sm\" height=\"485\" src=\"https:\/\/www.urfahaber.com\/images\/uploads\/2026\/04\/saglik-ara1-69f1ce59e724e.jpg\" width=\"840\" \/><\/p>\n<h2>A\u015eILAR M\u0130LYONLARCA HAYATI KURTARDI<\/h2>\n<p>A\u015f\u0131lar\u0131n t\u0131p tarihinin en g\u00fc\u00e7l\u00fc m\u00fcdahalelerinden biri oldu\u011funa vurgu yapan Do\u00e7. Dr. \u00c7ak\u0131rca,<\/p>\n<p>\u201cSon yar\u0131m y\u00fczy\u0131lda milyonlarca insan\u0131n hayat\u0131 a\u015f\u0131lar sayesinde kurtar\u0131lm\u0131\u015ft\u0131r. \u00c7i\u00e7ek hastal\u0131\u011f\u0131n\u0131n tamamen ortadan kald\u0131r\u0131lmas\u0131, \u00e7ocuk felcinin b\u00fcy\u00fck \u00f6l\u00e7\u00fcde azalt\u0131lmas\u0131 ve bir\u00e7ok bula\u015f\u0131c\u0131 hastal\u0131\u011f\u0131n kontrol alt\u0131na al\u0131nmas\u0131 a\u015f\u0131lama programlar\u0131n\u0131n en somut ba\u015far\u0131lar\u0131d\u0131r\u201d ifadelerini kulland\u0131.<\/p>\n<h2>TOPLUMSAL BA\u011eI\u015eIKLIK HAYAT\u0130 \u00d6NEM TA\u015eIYOR<\/h2>\n<p>G\u00fcn\u00fcm\u00fczde a\u015f\u0131n\u0131n \u00f6neminin daha da artt\u0131\u011f\u0131n\u0131 belirten Do\u00e7. Dr.\u00a0 \u00c7ak\u0131rca, \u201cBebeklikten ileri ya\u015flara kadar her birey i\u00e7in a\u015f\u0131lar; ciddi enfeksiyonlar\u0131, hastane yat\u0131\u015flar\u0131n\u0131 ve \u00f6l\u00fcmleri \u00f6nlemede kritik rol oynar. A\u015f\u0131lar sadece bireyi de\u011fil, toplumu da korur. Toplumsal ba\u011f\u0131\u015f\u0131kl\u0131k \u00f6zellikle risk grubundaki bireyler i\u00e7in hayati \u00f6nem ta\u015f\u0131r\u201d dedi.<\/p>\n<p><img loading=\"lazy\" decoding=\"async\" alt=\"G\u00f6rsel\" class=\"mx-auto max-w-full h-auto shadow-sm\" height=\"502\" src=\"https:\/\/www.urfahaber.com\/images\/uploads\/2026\/04\/saglik-ar2-69f1ce66b5b43.jpg\" width=\"857\" \/><\/p>\n<h2>A\u015eI TEREDD\u00dcD\u00dcNE KAR\u015eI DO\u011eRU B\u0130LG\u0130 VURGUSU<\/h2>\n<p>Son y\u0131llarda artan a\u015f\u0131 teredd\u00fcd\u00fcne de de\u011finen Do\u00e7. Dr. \u00c7ak\u0131rca, \u201cBilimsel olarak etkinli\u011fi ve g\u00fcvenli\u011fi kan\u0131tlanm\u0131\u015f a\u015f\u0131lar hakk\u0131nda do\u011fru bilgiye ula\u015fmak b\u00fcy\u00fck \u00f6nem ta\u015f\u0131yor. Yanl\u0131\u015f ve eksik bilgiler toplum sa\u011fl\u0131\u011f\u0131n\u0131 tehdit edebilir\u201d uyar\u0131s\u0131nda bulundu.<\/p>\n<p><img loading=\"lazy\" decoding=\"async\" alt=\"G\u00f6rsel\" class=\"mx-auto max-w-full h-auto shadow-sm\" height=\"443\" src=\"https:\/\/www.urfahaber.com\/images\/uploads\/2026\/04\/saglik-ara3-69f1ce783173d.jpg\" width=\"871\" \/><\/p>\n<h2>YET\u0130\u015eK\u0130N A\u015eILAMASI YAYGINLA\u015eTIRILMALI<\/h2>\n<p>T\u00fcrkiye\u2019de y\u00fcr\u00fct\u00fclen ulusal ba\u011f\u0131\u015f\u0131klama programlar\u0131n\u0131n ba\u015far\u0131s\u0131na dikkat \u00e7eken Do\u00e7. Dr. \u00c7ak\u0131rca,<\/p>\n<p>\u201cBir\u00e7ok hastal\u0131k a\u015f\u0131lama sayesinde kontrol alt\u0131na al\u0131nm\u0131\u015ft\u0131r. Ancak \u00f6zellikle yeti\u015fkin a\u015f\u0131lamas\u0131n\u0131n yayg\u0131nla\u015ft\u0131r\u0131lmas\u0131 ve risk gruplar\u0131na y\u00f6nelik koruyucu sa\u011fl\u0131k hizmetlerinin g\u00fc\u00e7lendirilmesi gerekiyor\u201d dedi.<\/p>\n<p>Etkinlik boyunca sa\u011fl\u0131k \u00e7al\u0131\u015fanlar\u0131, hastane giri\u015finde vatanda\u015flara bilgilendirme yaparak a\u015f\u0131laman\u0131n \u00f6nemini anlatt\u0131 ve toplum sa\u011fl\u0131\u011f\u0131 i\u00e7in bilin\u00e7 olu\u015fturulmas\u0131na katk\u0131 sa\u011flad\u0131.<\/p>\n","protected":false},"excerpt":{"rendered":"<p>Hastane giri\u015finde kurulan bilgilendirme stand\u0131nda vatanda\u015flara a\u015f\u0131n\u0131n \u00f6nemi ve ba\u011f\u0131\u015f\u0131klaman\u0131n toplum sa\u011fl\u0131\u011f\u0131 \u00fczerindeki kritik rol\u00fc&#8230;<\/p>\n","protected":false},"author":1,"featured_media":8645,"comment_status":"closed","ping_status":"open","sticky":false,"template":"","format":"standard","meta":{"footnotes":""},"categories":[1],"tags":[],"class_list":["post-8644","post","type-post","status-publish","format-standard","has-post-thumbnail","hentry","category-gundem"],"_links":{"self":[{"href":"https:\/\/haberadmin.com\/index.php?rest_route=\/wp\/v2\/posts\/8644","targetHints":{"allow":["GET"]}}],"collection":[{"href":"https:\/\/haberadmin.com\/index.php?rest_route=\/wp\/v2\/posts"}],"about":[{"href":"https:\/\/haberadmin.com\/index.php?rest_route=\/wp\/v2\/types\/post"}],"author":[{"embeddable":true,"href":"https:\/\/haberadmin.com\/index.php?rest_route=\/wp\/v2\/users\/1"}],"replies":[{"embeddable":true,"href":"https:\/\/haberadmin.com\/index.php?rest_route=%2Fwp%2Fv2%2Fcomments&post=8644"}],"version-history":[{"count":0,"href":"https:\/\/haberadmin.com\/index.php?rest_route=\/wp\/v2\/posts\/8644\/revisions"}],"wp:featuredmedia":[{"embeddable":true,"href":"https:\/\/haberadmin.com\/index.php?rest_route=\/wp\/v2\/media\/8645"}],"wp:attachment":[{"href":"https:\/\/haberadmin.com\/index.php?rest_route=%2Fwp%2Fv2%2Fmedia&parent=8644"}],"wp:term":[{"taxonomy":"category","embeddable":true,"href":"https:\/\/haberadmin.com\/index.php?rest_route=%2Fwp%2Fv2%2Fcategories&post=8644"},{"taxonomy":"post_tag","embeddable":true,"href":"https:\/\/haberadmin.com\/index.php?rest_route=%2Fwp%2Fv2%2Ftags&post=8644"}],"curies":[{"name":"wp","href":"https:\/\/api.w.org\/{rel}","templated":true}]}}