{"id":8638,"date":"2026-04-29T09:01:56","date_gmt":"2026-04-29T09:01:56","guid":{"rendered":"https:\/\/haberadmin.com\/?p=8638"},"modified":"2026-04-29T09:01:56","modified_gmt":"2026-04-29T09:01:56","slug":"play-off-maci-oncesi-sanliurfaspordan-kritik-aciklamalar","status":"publish","type":"post","link":"https:\/\/haberadmin.com\/?p=8638","title":{"rendered":"Play-Off ma\u00e7\u0131 \u00f6ncesi \u015eanl\u0131urfaspor&#8217;dan kritik a\u00e7\u0131klamalar!"},"content":{"rendered":"<p>\u015eanl\u0131urfaspor cephesi, Mu\u011flaspor deplasman\u0131nda ya\u015fanan olaylarla ilgili dikkat \u00e7eken a\u00e7\u0131klamalarda bulundu. Ya\u015fanan gerginlik, darp iddialar\u0131 ve taraftarlara y\u00f6nelik \u00e7a\u011fr\u0131lar g\u00fcndem oldu.<\/p>\n<p><img loading=\"lazy\" decoding=\"async\" alt=\"Play-Off ma\u00e7\u0131 \u00f6ncesi \u015eanl\u0131urfaspor'dan kritik a\u00e7\u0131klamalar!\" class=\"mx-auto max-w-full h-auto shadow-sm\" height=\"900\" src=\"https:\/\/www.urfahaber.com\/images\/uploads\/2026\/04\/whatsapp-image-2026-04-29-at-110606-am-69f1c90c96fbe.jpeg\" width=\"1200\" \/><\/p>\n<p>\u015eanl\u0131urfaspor Kul\u00fcp Ba\u015fkan\u0131 Kemal Sara\u00e7o\u011flu, Mu\u011flaspor ma\u00e7\u0131 \u00f6ncesi ve s\u0131ras\u0131nda ya\u015fanan olaylara ili\u015fkin bas\u0131n a\u00e7\u0131klamas\u0131nda \u015fu ifadeleri kulland\u0131:<\/p>\n<p>&#8220;Bir g\u00fcn sonra da ma\u00e7a gittik. Ma\u00e7ta bizim locada oturmam\u0131z\u0131 talep etti. Dedi Ba\u015fkan\u0131m, size bir loca ay\u0131rd\u0131. Ben de yaln\u0131zda oturay\u0131m dedi Erhan \u00c7etin Kaya karde\u015fim. Beraber ma\u00e7\u0131 izleyelim dedi. Biz Erhan Bey\u2019in g\u00f6sterdi\u011fi locaya gittik. Zaten yedi ki\u015fiydik. Erhan Bey de yaln\u0131zda oturdu. Toplam sekiz ki\u015fi. Be\u015f arkada\u015f\u0131m\u0131z y\u00f6netici, iki arkada\u015f\u0131m\u0131z da bizim ma\u00e7a Urfa\u2019dan g\u00f6t\u00fcrd\u00fc\u011f\u00fcm\u00fcz misafirlerimizdi. Toplam yedi ki\u015fi orada oturduk. Ma\u00e7 ba\u015flad\u0131. Mu\u011flaspor tam kadro ma\u00e7a \u00e7\u0131kt\u0131. Centilmenlik i\u00e7inde bir ma\u00e7 oynan\u0131yor. Ama bizim hemen \u00f6n\u00fcm\u00fcze taraftarlar oturdu. Mu\u011flaspor taraftarlar\u0131. Orada polis korumas\u0131 da yoktu. Hemen \u00f6n\u00fcm\u00fczde. Biz locan\u0131n balkonunday\u0131z. \u00d6n\u00fcm\u00fczde de Mu\u011flaspor taraftarlar\u0131 oturdu.&#8221;<\/p>\n<h2><strong>\u201cK\u00dcF\u00dcRLER ED\u0130LD\u0130, LOJAYA SALDIRMAYA \u00c7ALI\u015eTILAR\u201d<\/strong><\/h2>\n<p>&#8220;Dakika 90. Biz \u015feyi takip ediyoruz tabii. Bizim ma\u00e7 kadar Erbaa-Ankara g\u00fcc\u00fc ma\u00e7\u0131 da bizim i\u00e7in \u00f6nemliydi. \u00c7\u00fcnk\u00fc biz gol\u00fc bulamam\u0131\u015ft\u0131k. Ma\u00e7 0-0 gidiyordu. Erbaa-Ankara g\u00fcc\u00fc ma\u00e7\u0131nda Ankara g\u00fcc\u00fcn\u00fcn bir gol atmas\u0131 bizim playoff\u2019un d\u0131\u015f\u0131nda kalmam\u0131z anlam\u0131na geliyordu. Biz do\u011fal olarak art\u0131k sahadaki ma\u00e7\u0131 b\u0131rakt\u0131k. Erbaa-Ankara g\u00fcc\u00fc ma\u00e7\u0131n\u0131n son 4-5 dakikas\u0131n\u0131 takip etmeye ba\u015flad\u0131k. Bu arada 90 art\u0131 1 Ankara g\u00fcc\u00fc-Erbaa ma\u00e7\u0131 bitti. 1-1 bitti. Bu sonu\u00e7 bizim istedi\u011fimiz bir sonu\u00e7tu. T\u00fcm locada oturan arkada\u015flar bir sevin\u00e7 g\u00f6sterisi g\u00f6sterdik. Yani birbirimizin eline vurduk. \u00e7ok mutlu olduk. O arada da Mu\u011fla Spor bir gol olmu\u015f, faul vermi\u015f hakem. Biz bunu g\u00f6rm\u00fcyoruz bile. \u00c7\u00fcnk\u00fc art\u0131k bizim amac\u0131m\u0131z Erba\u011f Ankara G\u00fcc\u00fc ma\u00e7\u0131yd\u0131 ve biz amac\u0131m\u0131za ula\u015fm\u0131\u015ft\u0131k.<\/p>\n<p>Bu gol iptal olunca biz de Ankara g\u00fcc\u00fcn\u00fcn sevincini g\u00f6sterirken hemen \u00f6n\u00fcm\u00fczde oturan iki \u00fc\u00e7 taraftar a\u011fza al\u0131nmayacak bir k\u00fcf\u00fcrler bize ederek hakemi mi sat\u0131n ald\u0131n\u0131z dediler. Halbuki bizim ma\u00e7la i\u015fimiz yok. Biz Erba\u011f Ankara G\u00fcc\u00fc ma\u00e7\u0131na seviniyoruz. Bunlar bize d\u00f6n\u00fcp resmen a\u011fza al\u0131nmayacak k\u00fcf\u00fcrler ettiler. Bizim iki tane de y\u00f6neticimiz bu arkada\u015flara k\u00fcf\u00fcrle cevap verdi. Onun \u00fczerine zaten bir\u00e7ok medyada da g\u00f6r\u00fcn\u00fcyor. Bir anda 30 ki\u015fi locan\u0131n i\u00e7ine girmeye \u00e7al\u0131\u015ft\u0131. korkuluklara t\u0131rmand\u0131, 4-5 arkada\u015f\u0131m\u0131z\u0131 darp ettiler.&#8221;<\/p>\n<h2><strong>\u201cY\u00d6NET\u0130C\u0130LER\u0130M\u0130Z DARP ED\u0130LD\u0130\u201d<\/strong><\/h2>\n<p>&#8220;Y\u00f6neticilerimizi. Bunlardan biri de Mehmet Erol karde\u015fim. \u015eurada g\u00f6r\u00fcyorsunuz. Kaburga kemi\u011fi \u00e7atlad\u0131. Kendisine darp raporu ald\u0131k 15 g\u00fcn. Bu arkada\u015f\u0131m\u0131z\u0131 kaburga kemi\u011fi \u00e7atlanacak kadar da darp edildik. Benim yine elim bir demirle yaraland\u0131. Bir demir darbesiyle. O an olaylar ba\u015flad\u0131. Belli bir dard\u0131ktan sonra \u00fc\u00e7 tane polis g\u00f6rd\u00fck. Bu arada locan\u0131n arkas\u0131ndan da d\u00f6nm\u00fc\u015fler. Biz locan\u0131n kap\u0131s\u0131n\u0131 kilitlemeyi unuttuk. Biz b\u00f6yle bir \u015fey beklemiyorduk bu arada.<\/p>\n<p>\u00c7\u00fcnk\u00fc biz onlar\u0131 burada \u00e7ok iyi a\u011f\u0131rlad\u0131k. 45 y\u00f6neticiyle gelmi\u015flerdi. Normalde protokol say\u0131lar\u0131 15\u2019ten fazla olmamal\u0131. Bizden 45 ki\u015fi yer talep ettiler. Bir ki\u015fi bile k\u0131rmad\u0131k. 45 ki\u015filik yer verdik protokolda. Y\u00f6netimleriyle beraber tatl\u0131 yedik, gezdik, ilgilendik, testimizi verdik. Giderken de \u00e7ok g\u00fczel bir \u015fekilde yolculad\u0131k. Biz de orada statta ayn\u0131 \u015feyi bekliyorduk ama maalesef o co\u015fan\u0131n arka kap\u0131s\u0131ndan da girince hem \u00f6nden hem arkadan darp edilmeye ba\u015flad\u0131k.&#8221;<\/p>\n<h2><strong>\u201cTARAFTAR OTOB\u00dcS\u00dcM\u00dcZ TA\u015eLANDI\u201d<\/strong><\/h2>\n<p>&#8220;Belli bir s\u00fcreden sonra Manav Ba\u015fkan\u0131 oraya geldi. Biraz da sitemliydim ona. Dedim ki, Bak ba\u015fkan, bunun n\u00fcfas\u0131 da var. Yanl\u0131\u015f yap\u0131yorsunuz dedim. Sonra \u00fc\u00e7 tane polis bizi ara koridora ald\u0131. Polis say\u0131s\u0131 d\u00f6rt, be\u015f atmaya ba\u015flad\u0131. Merdivenlere kadar geldik. Art\u0131k bizi d\u0131\u015far\u0131 \u00e7\u0131karacaklar. O arada arkadan merdivenlerden inerken bizim yan\u0131m\u0131za g\u00f6t\u00fcrd\u00fc\u011f\u00fcm\u00fcz iki misafir arkada\u015f\u0131m\u0131za yine bir y\u00f6neticimizin beline en az 30-40 tane yumruk yediler bellerinden.<\/p>\n<p>\u00c7ocuklar\u0131n belleri ba\u015ftan sonra b\u00f6yle bir saat sonra \u00e7o\u011funun beli kan toplanm\u0131\u015f morarm\u0131\u015f. Biz ona da tamam dedik. \u015eeyin \u00f6n\u00fcne \u00e7\u0131kt\u0131k. Stad\u0131n \u00f6n\u00fcne. Sonra Erhan \u00c7etinkaya dedi ki ba\u015fkan\u0131m \u00e7ok \u00f6z\u00fcr dilerim dedi. Ben de \u00e7ok mahcup oldum size dedi.<\/p>\n<p>Erhan Bey bizi ald\u0131 yeme\u011fe g\u00f6t\u00fcrd\u00fc. Yer de ay\u0131rm\u0131\u015f. \u00d6nceden plan yapm\u0131\u015f. Gittik yeme\u011fe Erhan \u00c7etinkaya\u2019n\u0131n misafiri olarak. Yemek yiyoruz. O ara bir haber geldi. Taraftan otob\u00fcs\u00fcm\u00fcz ta\u015flanm\u0131\u015f, camlar\u0131 k\u0131r\u0131lm\u0131\u015f. Taraftarlar\u0131m\u0131z yola \u00e7\u0131karken onlara sald\u0131rm\u0131\u015flar. Camlar\u0131 k\u0131r\u0131lm\u0131\u015f. \u015eu anda otob\u00fcs burada, otob\u00fcs \u015fof\u00f6r\u00fc burada. \u0130stedi\u011finiz zaman gidip g\u00f6r\u00fc\u015febilirsiniz. Otob\u00fcse baya\u011f\u0131 zarar vermi\u015fler.&#8221;<\/p>\n<h2><strong>\u201cMU\u011eLA HALKIYLA B\u0130R PROBLEM\u0130M\u0130Z YOK\u201d<\/strong><\/h2>\n<p>&#8220;Yap\u0131lan \u00e7ok b\u00fcy\u00fck terbiyesizlik. Biz bunu Mu\u011fla halk\u0131na kesinlikle mal etmiyoruz. \u0130kinci sorum Mu\u011fla Spor taraftar\u0131 bu m\u00fctevayla otob\u00fcsle yola \u00e7\u0131kt\u0131 bir kar\u015f\u0131lama. \u015eanl\u0131urfa\u2019da bu taraftarlarla herhangi bir s\u0131k\u0131nt\u0131 ya\u015fanmamas\u0131 bir \u00f6nlem almas\u0131. Kesinlikle ben taraftarlar\u0131m\u0131zdan bunu rica ediyorum. Bizim Mu\u011fla halk\u0131yla hi\u00e7bir problemimiz yok. Oraya misafir gittik, misafiri evlerinde darp ettiler. Onu darp eden biz m\u00fcnakim ediyoruz. Mu\u011flal\u0131lar de\u011fil, oradaki 40-50 tane hadsiz insan.<\/p>\n<p>Bunu kabul edip bir \u00f6z\u00fcr dileselerdi bu olay\u0131n \u00e7ok b\u00fcy\u00fcmezdi. Ama biz a\u00e7\u0131klamam\u0131z\u0131 yapt\u0131k, sa\u011fduyuya davet ettik. Hala sa\u011fduyuya davet ediyorum. Taraftarlar\u0131 gelsin, ba\u015f\u0131m\u0131z\u0131n \u00fcst\u00fcnde yeri var.&#8221;<\/p>\n<h2><strong>\u201cK\u00dcF\u00dcR VE HAKARET \u0130STEM\u0130YORUZ\u201d<\/strong><\/h2>\n<p>&#8220;Taraftar\u0131m\u0131za ricam\u0131z K\u00fcf\u00fcr, hakaret kesinlikle istemiyoruz. Bunu yapanlar ise bize yapm\u0131\u015f say\u0131l\u0131rlar. Onlar burada bizim misafirimiz. Burada g\u00fcvenli bir \u015fekilde gelecekler, ma\u00e7lar\u0131n\u0131 izleyecekler. Sonu\u00e7 ne olursa olsun g\u00fcvenli bir \u015fekilde gidecekler. Ne bir ta\u015f at\u0131l\u0131r, ne bir darp edilir. Biz bunu elimizden geldi\u011fi kadar y\u00f6netim kurulumla beraber sa\u011flamaya \u00e7al\u0131\u015faca\u011f\u0131z.<\/p>\n<p>Bu konuda d\u00fcn vali bey de bizi dedi. Say\u0131n Valimizin biz emrindeyiz. Tabii ki Say\u0131n Emniyet M\u00fcd\u00fcrl\u00fc\u011f\u00fcm\u00fcz\u00fcn emrindeyiz. Say\u0131n Bakan\u0131m\u0131z\u0131n emrindeyiz. Biz m\u00fcmk\u00fcn olduk\u00e7a sa\u011fduyuya davet ediyoruz.&#8221;<\/p>\n<h2><strong>B\u0130LETLER\u0130N YARISI T\u00dcKEND\u0130<\/strong><\/h2>\n<p>&#8220;Destek sa\u011flayal\u0131m diye bu paspora bu playoff ma\u00e7\u0131nda on bin hemen kullan\u0131lmas\u0131n dedik. Bir de baz\u0131 insanlar kombineleri suistimal etti. \u0130\u015fte i\u00e7eriye girip tekrar d\u0131\u015far\u0131y\u0131 g\u00f6nderip tekrar kullan\u0131yorlar. \u00c7\u00fcnk\u00fc turnike sistemi olmad\u0131\u011f\u0131 i\u00e7in kart okunmuyor.<\/p>\n<p>Urfa sporda b\u00f6yle bir final ma\u00e7\u0131nda taraftarlar\u0131m\u0131z Urfa spora destek ama\u00e7l\u0131 herkesin bir bilet almas\u0131n\u0131 talep ediyoruz. Yani 200 lira bug\u00fcn bir d\u00fcr\u00fcm paras\u0131. Bunu Urfa spordan esirgemeyin, yar\u0131n gelin stad\u0131 doldural\u0131m.<\/p>\n<p>\u015eu anda da d\u00fcn sabah 10 itibariyle biletler sat\u0131\u015fa \u00e7\u0131kt\u0131. \u0130nan\u0131n bana abartm\u0131yorum biletlerin yar\u0131s\u0131 t\u00fckendi. \u00c7ok fazla sat\u0131\u015f var. Bug\u00fcn ak\u015fama kadar da di\u011fer biletlerin t\u00fckenece\u011fine inan\u0131yoruz.<\/p>\n<p>Yar\u0131n ben inan\u0131yorum ki bir 10 bin taraftar\u0131m\u0131z da bilet bulamay\u0131p stada giremeyecek. \u00c7\u00fcnk\u00fc ger\u00e7ekten halk\u0131m\u0131z, Urfa halk\u0131, i\u015f adamlar\u0131m\u0131z, taraftarlar\u0131m\u0131z bize sahip \u00e7\u0131kt\u0131lar bu Mu\u011fla ma\u00e7\u0131nda. Bu Mu\u011fla ma\u00e7\u0131 da bizim i\u00e7in \u00f6nemli. Bir tane koltuk bile bo\u015f kalmamal\u0131. Biz t\u00fcm \u015eanl\u0131urfa taraftarlar\u0131na, \u015eanl\u0131urfa halk\u0131na g\u00fcveniyoruz. Yan\u0131m\u0131zda olmalar\u0131n\u0131 istiyoruz.&#8221;<\/p>\n","protected":false},"excerpt":{"rendered":"<p>\u015eanl\u0131urfaspor cephesi, Mu\u011flaspor deplasman\u0131nda ya\u015fanan olaylarla ilgili dikkat \u00e7eken a\u00e7\u0131klamalarda bulundu. Ya\u015fanan gerginlik, darp iddialar\u0131&#8230;<\/p>\n","protected":false},"author":1,"featured_media":8639,"comment_status":"closed","ping_status":"open","sticky":false,"template":"","format":"standard","meta":{"footnotes":""},"categories":[1],"tags":[],"class_list":["post-8638","post","type-post","status-publish","format-standard","has-post-thumbnail","hentry","category-gundem"],"_links":{"self":[{"href":"https:\/\/haberadmin.com\/index.php?rest_route=\/wp\/v2\/posts\/8638","targetHints":{"allow":["GET"]}}],"collection":[{"href":"https:\/\/haberadmin.com\/index.php?rest_route=\/wp\/v2\/posts"}],"about":[{"href":"https:\/\/haberadmin.com\/index.php?rest_route=\/wp\/v2\/types\/post"}],"author":[{"embeddable":true,"href":"https:\/\/haberadmin.com\/index.php?rest_route=\/wp\/v2\/users\/1"}],"replies":[{"embeddable":true,"href":"https:\/\/haberadmin.com\/index.php?rest_route=%2Fwp%2Fv2%2Fcomments&post=8638"}],"version-history":[{"count":0,"href":"https:\/\/haberadmin.com\/index.php?rest_route=\/wp\/v2\/posts\/8638\/revisions"}],"wp:featuredmedia":[{"embeddable":true,"href":"https:\/\/haberadmin.com\/index.php?rest_route=\/wp\/v2\/media\/8639"}],"wp:attachment":[{"href":"https:\/\/haberadmin.com\/index.php?rest_route=%2Fwp%2Fv2%2Fmedia&parent=8638"}],"wp:term":[{"taxonomy":"category","embeddable":true,"href":"https:\/\/haberadmin.com\/index.php?rest_route=%2Fwp%2Fv2%2Fcategories&post=8638"},{"taxonomy":"post_tag","embeddable":true,"href":"https:\/\/haberadmin.com\/index.php?rest_route=%2Fwp%2Fv2%2Ftags&post=8638"}],"curies":[{"name":"wp","href":"https:\/\/api.w.org\/{rel}","templated":true}]}}