{"id":8632,"date":"2026-04-29T08:11:44","date_gmt":"2026-04-29T08:11:44","guid":{"rendered":"https:\/\/haberadmin.com\/?p=8632"},"modified":"2026-04-29T08:11:44","modified_gmt":"2026-04-29T08:11:44","slug":"kontrolden-cikan-arac-gorevlileri-bicti-o-anlar-kamerada","status":"publish","type":"post","link":"https:\/\/haberadmin.com\/?p=8632","title":{"rendered":"Kontrolden \u00e7\u0131kan ara\u00e7 g\u00f6revlileri bi\u00e7ti: O anlar kamerada"},"content":{"rendered":"<p>Kaza, 22 Nisan \u00c7ar\u015famba g\u00fcn\u00fc Kuzey Marmara Otoyolu Akyaz\u0131 mevkii Ankara istikametinde meydana geldi. Edinilen bilgiye g\u00f6re, E.T. (25) idaresindeki 34 ZK 1144 plakal\u0131 otomobil, s\u00fcr\u00fcc\u00fcs\u00fcn\u00fcn direksiyon hakimiyetini kaybetmesi sonucu savrulmaya ba\u015flad\u0131. \u00c7elik bariyerlere \u00e7arpan otomobil, o esnada yolda daha \u00f6nce meydana gelen maddi hasarl\u0131 kazaya m\u00fcdahale eden ve emniyet tedbiri alan KMO \u00e7al\u0131\u015fanlar\u0131 M.G. (40) ile R.K.&#8217;ye (45) \u00e7arpt\u0131.<\/p>\n<p><img loading=\"lazy\" decoding=\"async\" alt=\"Kontrolden \u00e7\u0131kan ara\u00e7 g\u00f6revlileri bi\u00e7ti: O anlar kamerada\" class=\"mx-auto max-w-full h-auto shadow-sm\" height=\"504\" src=\"https:\/\/www.urfahaber.com\/images\/uploads\/2026\/04\/kaza-ara1-69f1bd71c9dea.jpg\" width=\"845\" \/><\/p>\n<p>\u0130hbar \u00fczerine olay yerine jandarma ve \u00e7ok say\u0131da sa\u011fl\u0131k ekibi sevk edildi. Kazada otomobilde bulunan yolcu Z.K. (35) ile g\u00f6revli personel M.G. ve R.K. yaraland\u0131. Yaral\u0131lar, olay yerinde yap\u0131lan ilk m\u00fcdahalelerinin ard\u0131ndan hastaneye kald\u0131r\u0131larak tedavi alt\u0131na al\u0131nd\u0131. Hastaneye kald\u0131r\u0131lan KMO \u00e7al\u0131\u015fan\u0131 M.G.&#8217;nin hayati tehlikesinin bulundu\u011fu bildirildi.<\/p>\n<p><img loading=\"lazy\" decoding=\"async\" alt=\"Kontrolden \u00e7\u0131kan ara\u00e7 g\u00f6revlileri bi\u00e7ti: O anlar kamerada\" class=\"mx-auto max-w-full h-auto shadow-sm\" height=\"486\" src=\"https:\/\/www.urfahaber.com\/images\/uploads\/2026\/04\/kaza-ar2-69f1bd7da26bd.jpg\" width=\"827\" \/><\/p>\n<h2>G\u00dcVENL\u0130K KAMERASINA YANSIDI<\/h2>\n<p>\u00d6te yandan kaza an\u0131 g\u00fcvenlik kameras\u0131 taraf\u0131ndan saniye saniye kaydedildi. G\u00f6r\u00fcnt\u00fclerde, en sol \u015feritte ilerleyen otomobilin birden kontrolden \u00e7\u0131karak \u015feritleri enine ge\u00e7mesi, sa\u011fdaki \u00e7elik bariyerlere vurduktan sonra savrularak yol kenar\u0131nda g\u00fcvenlik \u00f6nlemi alan \u00e7al\u0131\u015fanlara \u00e7arpmas\u0131 yer al\u0131yor.<\/p>\n<p>Kaynak: \u0130HA<\/p>\n","protected":false},"excerpt":{"rendered":"<p>Kaza, 22 Nisan \u00c7ar\u015famba g\u00fcn\u00fc Kuzey Marmara Otoyolu Akyaz\u0131 mevkii Ankara istikametinde meydana geldi. Edinilen&#8230;<\/p>\n","protected":false},"author":1,"featured_media":8633,"comment_status":"closed","ping_status":"open","sticky":false,"template":"","format":"standard","meta":{"footnotes":""},"categories":[1],"tags":[],"class_list":["post-8632","post","type-post","status-publish","format-standard","has-post-thumbnail","hentry","category-gundem"],"_links":{"self":[{"href":"https:\/\/haberadmin.com\/index.php?rest_route=\/wp\/v2\/posts\/8632","targetHints":{"allow":["GET"]}}],"collection":[{"href":"https:\/\/haberadmin.com\/index.php?rest_route=\/wp\/v2\/posts"}],"about":[{"href":"https:\/\/haberadmin.com\/index.php?rest_route=\/wp\/v2\/types\/post"}],"author":[{"embeddable":true,"href":"https:\/\/haberadmin.com\/index.php?rest_route=\/wp\/v2\/users\/1"}],"replies":[{"embeddable":true,"href":"https:\/\/haberadmin.com\/index.php?rest_route=%2Fwp%2Fv2%2Fcomments&post=8632"}],"version-history":[{"count":0,"href":"https:\/\/haberadmin.com\/index.php?rest_route=\/wp\/v2\/posts\/8632\/revisions"}],"wp:featuredmedia":[{"embeddable":true,"href":"https:\/\/haberadmin.com\/index.php?rest_route=\/wp\/v2\/media\/8633"}],"wp:attachment":[{"href":"https:\/\/haberadmin.com\/index.php?rest_route=%2Fwp%2Fv2%2Fmedia&parent=8632"}],"wp:term":[{"taxonomy":"category","embeddable":true,"href":"https:\/\/haberadmin.com\/index.php?rest_route=%2Fwp%2Fv2%2Fcategories&post=8632"},{"taxonomy":"post_tag","embeddable":true,"href":"https:\/\/haberadmin.com\/index.php?rest_route=%2Fwp%2Fv2%2Ftags&post=8632"}],"curies":[{"name":"wp","href":"https:\/\/api.w.org\/{rel}","templated":true}]}}