{"id":8630,"date":"2026-04-29T08:04:19","date_gmt":"2026-04-29T08:04:19","guid":{"rendered":"https:\/\/haberadmin.com\/?p=8630"},"modified":"2026-04-29T08:04:19","modified_gmt":"2026-04-29T08:04:19","slug":"idil-fotograf-kulubune-sanliurfadan-cifte-odul","status":"publish","type":"post","link":"https:\/\/haberadmin.com\/?p=8630","title":{"rendered":"\u0130dil Foto\u011fraf Kul\u00fcb\u00fcne \u015eanl\u0131urfa\u2019dan \u00e7ifte \u00f6d\u00fcl!"},"content":{"rendered":"<p>\u015eanl\u0131urfa Foto Maratonundan \u00f6d\u00fcllerle d\u00f6nen \u0130dil Foto\u011fraf Kul\u00fcb\u00fc, Fatma Saka\u2019n\u0131n \u00fc\u00e7\u00fcnc\u00fcl\u00fck ve Ahmet \u00d6zdemir\u2019in sergileme \u00f6d\u00fcl\u00fcyle ba\u015far\u0131 grafi\u011fini zirveye ta\u015f\u0131d\u0131.<\/p>\n<p><img loading=\"lazy\" decoding=\"async\" alt=\"\u0130dil Foto\u011fraf Kul\u00fcb\u00fcne \u015eanl\u0131urfa\u2019dan \u00e7ifte \u00f6d\u00fcl!\" class=\"mx-auto max-w-full h-auto shadow-sm\" height=\"675\" src=\"https:\/\/www.urfahaber.com\/images\/uploads\/2026\/04\/aw693673-02-69f1b9ecd408b.jpg\" width=\"1200\" \/><\/p>\n<h2><strong>BA\u015eARILARLA DOLU B\u0130R YOLCULUK<\/strong><\/h2>\n<p>Kuruldu\u011fu g\u00fcnden beri onlarca ba\u015far\u0131ya ula\u015fan \u0130dil Foto\u011fraf Kul\u00fcb\u00fc, yakla\u015f\u0131k 80 \u00fcyesi d\u00fczenli olarak e\u011fitimlere kat\u0131larak ve foto\u011fraf organizasyonlar\u0131nda \u00f6nemli \u00e7al\u0131\u015fmalar ger\u00e7ekle\u015ftiriyor.<\/p>\n<p><img loading=\"lazy\" decoding=\"async\" alt=\"\u0130dil Foto\u011fraf Kul\u00fcb\u00fcne \u015eanl\u0131urfa\u2019dan \u00e7ifte \u00f6d\u00fcl!\" class=\"mx-auto max-w-full h-auto shadow-sm\" height=\"800\" src=\"https:\/\/www.urfahaber.com\/images\/uploads\/2026\/04\/aw693673-04-69f1b9fab5a82.jpg\" width=\"1200\" \/><\/p>\n<p>Kul\u00fcp, kurslarda 400&#8217;e yak\u0131n \u00f6\u011frenci mezun ederken y\u00f6netici Mecit \u00c7evrim, &#8220;Biz bu topraklarda farkl\u0131l\u0131klar\u0131 ortaya \u00e7\u0131karmak, d\u00fcnyaya ba\u015fka bir perspektif ile bakan bireylerin kendilerini geli\u015ftirmesine y\u00f6nelik bir alan olu\u015fturmak i\u00e7in zorlu bir m\u00fccadele verdik.<\/p>\n<p><img loading=\"lazy\" decoding=\"async\" alt=\"\u0130dil Foto\u011fraf Kul\u00fcb\u00fcne \u015eanl\u0131urfa\u2019dan \u00e7ifte \u00f6d\u00fcl!\" class=\"mx-auto max-w-full h-auto shadow-sm\" height=\"800\" src=\"https:\/\/www.urfahaber.com\/images\/uploads\/2026\/04\/aw693673-05-69f1ba08804a0.jpg\" width=\"1200\" \/><\/p>\n<p>Art\u0131k ulusal d\u00fczeyde \u00f6neme sahip, foto\u011fraf camias\u0131nda sayg\u0131 duyulan, takdir edilen ve \u00e7ok yak\u0131ndan takip edilen g\u00fc\u00e7l\u00fc bir kurumsal kimlik kazand\u0131k. \u0130dilli hem\u015ferilerimizin bu konuda bize destek olmalar\u0131n\u0131 ve \u00e7al\u0131\u015fmalar\u0131m\u0131z\u0131 fark etmesini bekliyoruz.<\/p>\n<p><img loading=\"lazy\" decoding=\"async\" alt=\"\u0130dil Foto\u011fraf Kul\u00fcb\u00fcne \u015eanl\u0131urfa\u2019dan \u00e7ifte \u00f6d\u00fcl!\" class=\"mx-auto max-w-full h-auto shadow-sm\" height=\"675\" src=\"https:\/\/www.urfahaber.com\/images\/uploads\/2026\/04\/aw693673-03-69f1bbb99e999.jpg\" width=\"1200\" \/><\/p>\n<p>Yak\u0131n zamanda bir foto maraton d\u00fczenleyerek, T\u00fcrkiye genelinde y\u00fczlerce foto\u011fraf sanat\u00e7\u0131s\u0131n\u0131 il\u00e7emize, \u015fehrimize getirerek nihai hedefimize ula\u015fmak istiyoruz&#8221; dedi.<\/p>\n<p>kaynak:\u0130HA<\/p>\n","protected":false},"excerpt":{"rendered":"<p>\u015eanl\u0131urfa Foto Maratonundan \u00f6d\u00fcllerle d\u00f6nen \u0130dil Foto\u011fraf Kul\u00fcb\u00fc, Fatma Saka\u2019n\u0131n \u00fc\u00e7\u00fcnc\u00fcl\u00fck ve Ahmet \u00d6zdemir\u2019in sergileme&#8230;<\/p>\n","protected":false},"author":1,"featured_media":8631,"comment_status":"closed","ping_status":"open","sticky":false,"template":"","format":"standard","meta":{"footnotes":""},"categories":[1],"tags":[],"class_list":["post-8630","post","type-post","status-publish","format-standard","has-post-thumbnail","hentry","category-gundem"],"_links":{"self":[{"href":"https:\/\/haberadmin.com\/index.php?rest_route=\/wp\/v2\/posts\/8630","targetHints":{"allow":["GET"]}}],"collection":[{"href":"https:\/\/haberadmin.com\/index.php?rest_route=\/wp\/v2\/posts"}],"about":[{"href":"https:\/\/haberadmin.com\/index.php?rest_route=\/wp\/v2\/types\/post"}],"author":[{"embeddable":true,"href":"https:\/\/haberadmin.com\/index.php?rest_route=\/wp\/v2\/users\/1"}],"replies":[{"embeddable":true,"href":"https:\/\/haberadmin.com\/index.php?rest_route=%2Fwp%2Fv2%2Fcomments&post=8630"}],"version-history":[{"count":0,"href":"https:\/\/haberadmin.com\/index.php?rest_route=\/wp\/v2\/posts\/8630\/revisions"}],"wp:featuredmedia":[{"embeddable":true,"href":"https:\/\/haberadmin.com\/index.php?rest_route=\/wp\/v2\/media\/8631"}],"wp:attachment":[{"href":"https:\/\/haberadmin.com\/index.php?rest_route=%2Fwp%2Fv2%2Fmedia&parent=8630"}],"wp:term":[{"taxonomy":"category","embeddable":true,"href":"https:\/\/haberadmin.com\/index.php?rest_route=%2Fwp%2Fv2%2Fcategories&post=8630"},{"taxonomy":"post_tag","embeddable":true,"href":"https:\/\/haberadmin.com\/index.php?rest_route=%2Fwp%2Fv2%2Ftags&post=8630"}],"curies":[{"name":"wp","href":"https:\/\/api.w.org\/{rel}","templated":true}]}}