{"id":8624,"date":"2026-04-29T06:49:43","date_gmt":"2026-04-29T06:49:43","guid":{"rendered":"https:\/\/haberadmin.com\/?p=8624"},"modified":"2026-04-29T06:49:43","modified_gmt":"2026-04-29T06:49:43","slug":"tarim-krediden-rekor-buyume","status":"publish","type":"post","link":"https:\/\/haberadmin.com\/?p=8624","title":{"rendered":"Tar\u0131m Kredi&#8217;den rekor b\u00fcy\u00fcme!"},"content":{"rendered":"<p>Tar\u0131m Kredi Kooperatifleri Genel M\u00fcd\u00fcr\u00fc ve Tar\u0131m Kredi Holding Y\u00f6netim ve \u0130cra Kurulu Ba\u015fkan\u0131 H\u00fcseyin Ayd\u0131n, &#8220;Tar\u0131m Kredi Grubu&#8217;nun y\u0131l sonunda bir \u00f6nceki y\u0131l sonuna g\u00f6re aktif b\u00fcy\u00fckl\u00fc\u011f\u00fcn\u00fc 219 milyar liraya ta\u015f\u0131yarak, y\u00fczde 50 oran\u0131nda rekor b\u00fcy\u00fcme kaydettik&#8221; dedi.<\/p>\n<p>T\u00fcrkiye&#8217;nin en b\u00fcy\u00fck \u00e7ift\u00e7i kurulu\u015fu olan tar\u0131msal sanayinin lider ismi Tar\u0131m Kredi Grubu, 2025 y\u0131l\u0131n\u0131 tarihi bir ba\u015far\u0131 ile tamamlad\u0131. Aktif b\u00fcy\u00fckl\u00fc\u011f\u00fcn\u00fc y\u00fczde 50, \u00f6z kaynak b\u00fcy\u00fckl\u00fc\u011f\u00fcn\u00fc y\u00fczde 45 b\u00fcy\u00fcten Tar\u0131m Kredi, konsolide net kar\u0131n\u0131 ise 5 milyar liradan 18 milyar liraya y\u00fckseltti. Ge\u00e7en y\u0131l rakamlar\u0131n\u0131 de\u011ferlendiren Tar\u0131m Kredi Kooperatifleri Genel M\u00fcd\u00fcr\u00fc ve Tar\u0131m Kredi Holding Y\u00f6netim ve \u0130cra Kurulu Ba\u015fkan\u0131 H\u00fcseyin Ayd\u0131n, &#8220;\u00c7ift\u00e7imizle omuz omuza bir ba\u015far\u0131 hikayesi yazd\u0131k, yazmaya devam ediyoruz. T\u00fcrkiye&#8217;nin tar\u0131msal sanayi lideri haline geldik. Bu kar\u0131, bu rakamlar\u0131 tar\u0131msal \u00fcretimin her alan\u0131nda \u00e7ift\u00e7imizi destekleyerek, arac\u0131lardan, f\u0131rsat\u00e7\u0131lardan ve piyasadaki dalgalanmalardan koruyarak ger\u00e7ekle\u015ftirdik&#8221; diye konu\u015ftu.<\/p>\n<p><img loading=\"lazy\" decoding=\"async\" alt=\"Tar\u0131m Kredi'den rekor b\u00fcy\u00fcme!\" class=\"mx-auto max-w-full h-auto shadow-sm\" height=\"586\" src=\"https:\/\/www.urfahaber.com\/images\/uploads\/2026\/04\/tarim-ara1-69f1aa3bd8bb2.jpg\" width=\"880\" \/><\/p>\n<p>Tar\u0131m Kredi&#8217;nin kas\u0131tl\u0131 olarak siyasi tart\u0131\u015fmalar\u0131n merkezine \u00e7ekilmeye \u00e7al\u0131\u015f\u0131ld\u0131\u011f\u0131na vurgu yapan Ayd\u0131n, &#8220;Biz bir kamu kurumu de\u011fil, \u00e7ift\u00e7i kurulu\u015fuyuz. Bizi ortaklar\u0131m\u0131z olan \u00e7ift\u00e7ilerimize sorun. 365 g\u00fcn \u00e7ift\u00e7imizin derdi ile dertlenen, kampanyalarla, projelerle, yat\u0131r\u0131mlarla T\u00fcrk Tar\u0131m\u0131n\u0131 daha ileri ta\u015f\u0131maya \u00e7al\u0131\u015fan \u00e7al\u0131\u015fma arkada\u015flar\u0131m\u0131za sorun. Kim \u00fcretmek i\u00e7in, g\u00fcbreden ilaca hangi tar\u0131msal girdiye ihtiya\u00e7 duyduysa en iyi ko\u015fullarda sunduk. Kim \u00fcrettikten sonra satmak i\u00e7in aray\u0131\u015fa girdiyse en iyi \u015fartlarda ald\u0131k. Tarlas\u0131nda \u00fcr\u00fcn\u00fc kalan kim varsa onu kaderiyle ba\u015f ba\u015fa b\u0131rakmad\u0131k. Yeni yat\u0131r\u0131mlarla, yeni kampanya ve projelerle bu k\u00e2r\u0131 \u00e7ift\u00e7imize, \u00fcreticimize geri d\u00f6nd\u00fcrece\u011fiz. Biz hep \u00fcreticimizin yan\u0131nda olduk, bundan sonra da daha g\u00fc\u00e7l\u00fc bir \u015fekilde olmaya devam edece\u011fiz. Bize emanet edilen bu dev organizasyonu ba\u015far\u0131dan ba\u015far\u0131ya ta\u015f\u0131yaca\u011f\u0131m\u0131zdan kimsenin \u015f\u00fcphesi olmas\u0131n&#8221; ifadelerini kulland\u0131.<\/p>\n<h2>&#8220;Y\u00dcZDE 50 ORANINDA REKOR B\u00dcY\u00dcME KAYDETT\u0130K&#8221;<\/h2>\n<p>Tar\u0131m Kredi Grubu&#8217;nun y\u0131l sonunda bir \u00f6nceki y\u0131l sonuna k\u0131yasla verilerini de\u011ferlendiren Ayd\u0131n, &#8220;Tar\u0131m Kredi Grubu&#8217;nun y\u0131l sonunda, bir \u00f6nceki y\u0131l sonuna g\u00f6re aktif b\u00fcy\u00fckl\u00fc\u011f\u00fcn\u00fc 219 milyar liraya ta\u015f\u0131yarak y\u00fczde 50 oran\u0131nda rekor b\u00fcy\u00fcme kaydettik. \u00d6z kaynaklar\u0131m\u0131z\u0131 da 65 milyar liradan y\u00fczde 45 art\u0131\u015fla 94 milyar liraya y\u00fckselttik. Grubumuz ayn\u0131 d\u00f6nemde faaliyet karl\u0131l\u0131\u011f\u0131n\u0131 y\u00fczde 3&#8217;ten y\u00fczde 7&#8217;ye, vergi \u00f6ncesi karl\u0131l\u0131\u011f\u0131n\u0131 y\u00fczde 3&#8217;ten y\u00fczde 10&#8217;a, net karl\u0131l\u0131\u011f\u0131n\u0131 ise y\u00fczde 3&#8217;ten y\u00fczde 8&#8217;e \u00e7\u0131kard\u0131k. Bir \u00f6nceki y\u0131l 5 milyar lira olan konsolide net kar\u0131m\u0131z 2025 y\u0131l sonu itibar\u0131yla 18 milyar liraya ula\u015ft\u0131. Bu g\u00fc\u00e7l\u00fc sonucun arkas\u0131nda etkin maliyet y\u00f6netimi, s\u0131k\u0131 mali disiplin, do\u011fru finansman ve yat\u0131r\u0131m stratejimiz yat\u0131yor. Elde etti\u011fimiz bu g\u00fc\u00e7l\u00fc sonu\u00e7 tesad\u00fcfi de\u011fildir. Bu ba\u015far\u0131; kaynaklar\u0131n dikkatli y\u00f6netilmesi, nakdin do\u011fru zamanda do\u011fru alana y\u00f6nlendirilmesi, maliyetlerin s\u0131k\u0131 bi\u00e7imde kontrol edilmesi ve grubun t\u00fcm imk\u00e2nlar\u0131n\u0131n ortak hedefler do\u011frultusunda sevk edilmesiyle sa\u011flanm\u0131\u015ft\u0131r. Kredi maliyetlerinin y\u00fcksek seyretti\u011fi zorlu makroekonomik ko\u015fullara ra\u011fmen, etkin finansman y\u00f6netimi sayesinde k\u00e2rl\u0131l\u0131k art\u0131\u015f\u0131n\u0131 s\u00fcrd\u00fcr\u00fclebilir bi\u00e7imde destekledik. Genel M\u00fcd\u00fcrl\u00fck ve y\u00f6netim ekibimizin finans k\u00f6keninden gelen disiplinli yakla\u015f\u0131m\u0131, bu sonucun ortaya \u00e7\u0131kmas\u0131nda \u00f6nemli rol oynam\u0131\u015ft\u0131r&#8221; diye konu\u015ftu.<\/p>\n<p><img loading=\"lazy\" decoding=\"async\" alt=\"Tar\u0131m Kredi'den rekor b\u00fcy\u00fcme!\" class=\"mx-auto max-w-full h-auto shadow-sm\" height=\"483\" src=\"https:\/\/www.urfahaber.com\/images\/uploads\/2026\/04\/tarim-ara2-69f1aa4798cbd.jpg\" width=\"854\" \/><\/p>\n<h2>&#8220;T\u00dcM S\u00dcRE\u00c7LERDE\u00a0\u00dcRET\u0130C\u0130LER\u0130M\u0130Z\u0130 DESTEKLED\u0130K&#8221;<\/h2>\n<p>Ayd\u0131n, 2025 y\u0131l\u0131nda \u00fcreticilerin zorlu ekonomik ve iklimsel ko\u015fullarla kar\u015f\u0131 kar\u015f\u0131ya geldi\u011fini ifade ederek, &#8220;Y\u0131l boyunca zirai don, su s\u0131k\u0131nt\u0131s\u0131 gibi \u00fclke sath\u0131nda \u00e7ift\u00e7ilerimizin etkilendi\u011fi ko\u015fullar oldu. Biz t\u00fcm s\u00fcre\u00e7lerde gerek uygun maliyetle girdi temininde gerekse \u00fcr\u00fcnlerin piyasa de\u011ferinden daha iyi ko\u015fullarda al\u0131m\u0131yla \u00fcreticilerimizi destekledik. Grubumuzun bilan\u00e7osundaki bu iyile\u015fme, \u00e7ift\u00e7imizi mutlu etmemizin ve \u00fcreticimizden ald\u0131\u011f\u0131m\u0131z duan\u0131n bereketidir&#8221; ifadelerine yer verdi.<\/p>\n<p>Kaynak: \u0130HA<\/p>\n","protected":false},"excerpt":{"rendered":"<p>Tar\u0131m Kredi Kooperatifleri Genel M\u00fcd\u00fcr\u00fc ve Tar\u0131m Kredi Holding Y\u00f6netim ve \u0130cra Kurulu Ba\u015fkan\u0131 H\u00fcseyin&#8230;<\/p>\n","protected":false},"author":1,"featured_media":8625,"comment_status":"closed","ping_status":"open","sticky":false,"template":"","format":"standard","meta":{"footnotes":""},"categories":[1],"tags":[],"class_list":["post-8624","post","type-post","status-publish","format-standard","has-post-thumbnail","hentry","category-gundem"],"_links":{"self":[{"href":"https:\/\/haberadmin.com\/index.php?rest_route=\/wp\/v2\/posts\/8624","targetHints":{"allow":["GET"]}}],"collection":[{"href":"https:\/\/haberadmin.com\/index.php?rest_route=\/wp\/v2\/posts"}],"about":[{"href":"https:\/\/haberadmin.com\/index.php?rest_route=\/wp\/v2\/types\/post"}],"author":[{"embeddable":true,"href":"https:\/\/haberadmin.com\/index.php?rest_route=\/wp\/v2\/users\/1"}],"replies":[{"embeddable":true,"href":"https:\/\/haberadmin.com\/index.php?rest_route=%2Fwp%2Fv2%2Fcomments&post=8624"}],"version-history":[{"count":0,"href":"https:\/\/haberadmin.com\/index.php?rest_route=\/wp\/v2\/posts\/8624\/revisions"}],"wp:featuredmedia":[{"embeddable":true,"href":"https:\/\/haberadmin.com\/index.php?rest_route=\/wp\/v2\/media\/8625"}],"wp:attachment":[{"href":"https:\/\/haberadmin.com\/index.php?rest_route=%2Fwp%2Fv2%2Fmedia&parent=8624"}],"wp:term":[{"taxonomy":"category","embeddable":true,"href":"https:\/\/haberadmin.com\/index.php?rest_route=%2Fwp%2Fv2%2Fcategories&post=8624"},{"taxonomy":"post_tag","embeddable":true,"href":"https:\/\/haberadmin.com\/index.php?rest_route=%2Fwp%2Fv2%2Ftags&post=8624"}],"curies":[{"name":"wp","href":"https:\/\/api.w.org\/{rel}","templated":true}]}}