{"id":8620,"date":"2026-04-29T04:53:22","date_gmt":"2026-04-29T04:53:22","guid":{"rendered":"https:\/\/haberadmin.com\/?p=8620"},"modified":"2026-04-29T04:53:22","modified_gmt":"2026-04-29T04:53:22","slug":"kira-krizine-mudahale-tokiden-sosyal-kiralik-konut-projesi","status":"publish","type":"post","link":"https:\/\/haberadmin.com\/?p=8620","title":{"rendered":"Kira krizine m\u00fcdahale! TOK\u0130\u2019den sosyal kiral\u0131k konut projesi!"},"content":{"rendered":"<p>\u00c7evre, \u015eehircilik ve \u0130klim De\u011fi\u015fikli\u011fi Bakanl\u0131\u011f\u0131, sosyal kiral\u0131k konut i\u00e7in ilk adresi kira krizinin en derin ya\u015fand\u0131\u011f\u0131 yer olan \u0130stanbul olarak belirledi.<\/p>\n<p>Avrupa ve Anadolu yakas\u0131nda TOK\u0130 taraf\u0131ndan toplam 15 bin konut yap\u0131lacak. Evler ise \u015fehir d\u0131\u015f\u0131nda de\u011fil, merkezi yerlerde olacak.<\/p>\n<h2><strong>KURA \u00c7EK\u0130M\u0130 OLACAK<\/strong><\/h2>\n<p>T\u00fcm evlerin in\u015faat\u0131 ise 2-3 y\u0131l i\u00e7inde tamamlanacak. Projeler tamamland\u0131ktan sonra TOK\u0130 duyuruya \u00e7\u0131kacak ve talep toplanacak. Sonra 500 bin sosyal konutta oldu\u011fu gibi noter huzurunda kura \u00e7ekimi ile hak sahipleri belirlenecek.<\/p>\n<h2><strong>EV 3 YILLI\u011eINA K\u0130RALANACAK<\/strong><\/h2>\n<p>Kurada hak sahibi olan vatanda\u015flar TOK\u0130 ile kira s\u00f6zle\u015fmesi imzalayacak. Evler \u00fc\u00e7 y\u0131ll\u0131\u011f\u0131na kiralanacak. Bu s\u00fcre\u00e7te, y\u00f6netim, bak\u0131m ve denetimi TOK\u0130 \u00fcstlenecek. \u00dc\u00e7 y\u0131l\u0131n ard\u0131ndan kirac\u0131 tahliye edilecek ve evlerin bak\u0131m\u0131 yap\u0131ld\u0131ktan sonra yeni hak sahibine kiralanacak. B\u00f6ylece daha \u00e7ok ki\u015finin bu f\u0131rsattan faydalanmas\u0131 sa\u011flanacak.<\/p>\n<h2><strong>K\u0130MLER BA\u015eVURAB\u0130L\u0130R?<\/strong><\/h2>\n<p>Projeye hi\u00e7 evi olmayan ve belirlenen gelir seviyesini a\u015fmayanlar ba\u015fvuru yapacak. Memurlar, emekliler, engelliler ve evi d\u00f6n\u00fc\u015f\u00fcme girecek vatanda\u015flar i\u00e7in kontenjan ayr\u0131lmas\u0131 planlan\u0131yor.<\/p>\n<p>1+1, 2+1 ve 3+1 tipindeki dairelerde kiralar\u0131n piyasa rayicinin yar\u0131s\u0131 kadar olaca\u011f\u0131 belirtildi.<\/p>\n<h2><strong>2 B\u0130N KONUT TESL\u0130M ED\u0130LECEK<\/strong><\/h2>\n<p>\u00c7evre, \u015eehircilik ve \u0130klim De\u011fi\u015fikli\u011fi Bakan\u0131 Murat Kurum, a\u011fustosta ilk 2 bin konutun teslim edilece\u011fini a\u00e7\u0131klam\u0131\u015f; haziran ve temmuz d\u00f6neminde talep toplama s\u00fcrecin ba\u015flayaca\u011f\u0131n\u0131 dile get irmi\u015fti.<\/p>\n","protected":false},"excerpt":{"rendered":"<p>\u00c7evre, \u015eehircilik ve \u0130klim De\u011fi\u015fikli\u011fi Bakanl\u0131\u011f\u0131, sosyal kiral\u0131k konut i\u00e7in ilk adresi kira krizinin en&#8230;<\/p>\n","protected":false},"author":1,"featured_media":0,"comment_status":"closed","ping_status":"open","sticky":false,"template":"","format":"standard","meta":{"footnotes":""},"categories":[1],"tags":[],"class_list":["post-8620","post","type-post","status-publish","format-standard","hentry","category-gundem"],"_links":{"self":[{"href":"https:\/\/haberadmin.com\/index.php?rest_route=\/wp\/v2\/posts\/8620","targetHints":{"allow":["GET"]}}],"collection":[{"href":"https:\/\/haberadmin.com\/index.php?rest_route=\/wp\/v2\/posts"}],"about":[{"href":"https:\/\/haberadmin.com\/index.php?rest_route=\/wp\/v2\/types\/post"}],"author":[{"embeddable":true,"href":"https:\/\/haberadmin.com\/index.php?rest_route=\/wp\/v2\/users\/1"}],"replies":[{"embeddable":true,"href":"https:\/\/haberadmin.com\/index.php?rest_route=%2Fwp%2Fv2%2Fcomments&post=8620"}],"version-history":[{"count":0,"href":"https:\/\/haberadmin.com\/index.php?rest_route=\/wp\/v2\/posts\/8620\/revisions"}],"wp:attachment":[{"href":"https:\/\/haberadmin.com\/index.php?rest_route=%2Fwp%2Fv2%2Fmedia&parent=8620"}],"wp:term":[{"taxonomy":"category","embeddable":true,"href":"https:\/\/haberadmin.com\/index.php?rest_route=%2Fwp%2Fv2%2Fcategories&post=8620"},{"taxonomy":"post_tag","embeddable":true,"href":"https:\/\/haberadmin.com\/index.php?rest_route=%2Fwp%2Fv2%2Ftags&post=8620"}],"curies":[{"name":"wp","href":"https:\/\/api.w.org\/{rel}","templated":true}]}}