{"id":8618,"date":"2026-04-29T05:15:01","date_gmt":"2026-04-29T05:15:01","guid":{"rendered":"https:\/\/haberadmin.com\/?p=8618"},"modified":"2026-04-29T05:15:01","modified_gmt":"2026-04-29T05:15:01","slug":"hava-sicakligi-mevsim-normallerinde-tehlike-dogu-illerinde","status":"publish","type":"post","link":"https:\/\/haberadmin.com\/?p=8618","title":{"rendered":"Hava s\u0131cakl\u0131\u011f\u0131 mevsim normallerinde! Tehlike Do\u011fu illerinde!"},"content":{"rendered":"<p>T\u00fcrkiye genelinde hava s\u0131cakl\u0131klar\u0131n\u0131n mevsim normalleri civar\u0131nda seyretmesi bekleniyor.\u00a0<\/p>\n<h2><strong>KUVVETL\u0130 YA\u011eI\u015e UYARISI<\/strong><\/h2>\n<p>Meteorolojik de\u011ferlendirmelere g\u00f6re, Van\u2019\u0131n do\u011fu kesimlerinde beklenen ya\u011f\u0131\u015flar\u0131n yerel olarak kuvvetli olaca\u011f\u0131 \u00f6ng\u00f6r\u00fcl\u00fcyor.<\/p>\n<p><img loading=\"lazy\" decoding=\"async\" alt=\"Hava s\u0131cakl\u0131\u011f\u0131 mevsim normallerinde! Tehlike Do\u011fu illerinde!\" class=\"mx-auto max-w-full h-auto shadow-sm\" height=\"784\" src=\"https:\/\/www.urfahaber.com\/images\/uploads\/2026\/04\/yagis-69f19453c3bf8.jpg\" width=\"1168\" \/>Bu nedenle ani sel, su bask\u0131n\u0131 ve ula\u015f\u0131mda aksamalar gibi olumsuzluklara kar\u015f\u0131 vatanda\u015flar\u0131n dikkatli ve tedbirli olmas\u0131 isteniyor.<\/p>\n<h2><img loading=\"lazy\" decoding=\"async\" alt=\"Hava s\u0131cakl\u0131\u011f\u0131 mevsim normallerinde! Tehlike Do\u011fu illerinde!\" class=\"mx-auto max-w-full h-auto shadow-sm\" height=\"784\" src=\"https:\/\/www.urfahaber.com\/images\/uploads\/2026\/04\/cig-69f19460dbf74.jpg\" width=\"1168\" \/><strong>\u00c7I\u011e VE KAR ER\u0130MES\u0130 TEHL\u0130KES\u0130<\/strong><\/h2>\n<p>Do\u011fu Karadeniz\u2019in i\u00e7 kesimlerinin y\u00fcksekleri ile Do\u011fu Anadolu\u2019nun do\u011fusunda, y\u00fcksek kar \u00f6rt\u00fcs\u00fcne sahip e\u011fimli alanlarda \u00e7\u0131\u011f riski ve kar erimesine ba\u011fl\u0131 tehlikeler devam ediyor.<\/p>\n<p>Meteoroloji, \u00f6zellikle bu b\u00f6lgelerde ya\u015fayanlar\u0131n ve seyahat edecek olanlar\u0131n dikkatli olmalar\u0131 gerekti\u011fini konusunda uyard\u0131.<\/p>\n","protected":false},"excerpt":{"rendered":"<p>T\u00fcrkiye genelinde hava s\u0131cakl\u0131klar\u0131n\u0131n mevsim normalleri civar\u0131nda seyretmesi bekleniyor.\u00a0 KUVVETL\u0130 YA\u011eI\u015e UYARISI Meteorolojik de\u011ferlendirmelere g\u00f6re,&#8230;<\/p>\n","protected":false},"author":1,"featured_media":8619,"comment_status":"closed","ping_status":"open","sticky":false,"template":"","format":"standard","meta":{"footnotes":""},"categories":[1],"tags":[],"class_list":["post-8618","post","type-post","status-publish","format-standard","has-post-thumbnail","hentry","category-gundem"],"_links":{"self":[{"href":"https:\/\/haberadmin.com\/index.php?rest_route=\/wp\/v2\/posts\/8618","targetHints":{"allow":["GET"]}}],"collection":[{"href":"https:\/\/haberadmin.com\/index.php?rest_route=\/wp\/v2\/posts"}],"about":[{"href":"https:\/\/haberadmin.com\/index.php?rest_route=\/wp\/v2\/types\/post"}],"author":[{"embeddable":true,"href":"https:\/\/haberadmin.com\/index.php?rest_route=\/wp\/v2\/users\/1"}],"replies":[{"embeddable":true,"href":"https:\/\/haberadmin.com\/index.php?rest_route=%2Fwp%2Fv2%2Fcomments&post=8618"}],"version-history":[{"count":0,"href":"https:\/\/haberadmin.com\/index.php?rest_route=\/wp\/v2\/posts\/8618\/revisions"}],"wp:featuredmedia":[{"embeddable":true,"href":"https:\/\/haberadmin.com\/index.php?rest_route=\/wp\/v2\/media\/8619"}],"wp:attachment":[{"href":"https:\/\/haberadmin.com\/index.php?rest_route=%2Fwp%2Fv2%2Fmedia&parent=8618"}],"wp:term":[{"taxonomy":"category","embeddable":true,"href":"https:\/\/haberadmin.com\/index.php?rest_route=%2Fwp%2Fv2%2Fcategories&post=8618"},{"taxonomy":"post_tag","embeddable":true,"href":"https:\/\/haberadmin.com\/index.php?rest_route=%2Fwp%2Fv2%2Ftags&post=8618"}],"curies":[{"name":"wp","href":"https:\/\/api.w.org\/{rel}","templated":true}]}}