{"id":8616,"date":"2026-04-29T04:51:04","date_gmt":"2026-04-29T04:51:04","guid":{"rendered":"https:\/\/haberadmin.com\/?p=8616"},"modified":"2026-04-29T04:51:04","modified_gmt":"2026-04-29T04:51:04","slug":"depoya-kursun-yagmuru-olu-ve-yarali-var","status":"publish","type":"post","link":"https:\/\/haberadmin.com\/?p=8616","title":{"rendered":"Depoya kur\u015fun ya\u011fmuru: \u00d6l\u00fc ve yaral\u0131 var!"},"content":{"rendered":"<p>Bursa&#8217;n\u0131n G\u00fcrsu il\u00e7esinde depoya d\u00fczenlenen silahl\u0131 sald\u0131r\u0131da avukat hayat\u0131n\u0131 kaybetti, bir ki\u015fi de yaraland\u0131.<\/p>\n<p>Olay, saat 17.00 s\u0131ralar\u0131nda G\u00fcrsu il\u00e7esi A\u011fak\u00f6y Mahallesi&#8217;nde meydana geldi. \u0130ddiaya g\u00f6re, baba ve iki k\u0131z\u0131n\u0131n bulundu\u011fu depoya d\u0131\u015far\u0131dan gelen bir ara\u00e7tan ate\u015f a\u00e7\u0131ld\u0131. A\u00e7\u0131lan ate\u015f sonucu kur\u015funlar\u0131n hedefi olan Elif \u00c7. dizinden vurularak yaralan\u0131rken, k\u0131z karde\u015fi avukat Hatice Kocaefe a\u011f\u0131r yaral\u0131 olarak hastaneye kald\u0131r\u0131ld\u0131. A\u011f\u0131r yaral\u0131 Hatice Kocaefe, Bursa Y\u00fcksek \u0130htisas E\u011fitim ve Ara\u015ft\u0131rma Hastanesi&#8217;nde yap\u0131lan t\u00fcm m\u00fcdahalelere ra\u011fmen hayat\u0131n\u0131 kaybetti. Yaral\u0131 Elif \u00c7.&#8217;nin sa\u011fl\u0131k durumunun iyi oldu\u011fu \u00f6\u011frenildi.<\/p>\n<p><img loading=\"lazy\" decoding=\"async\" alt=\"G\u00f6rsel\" class=\"mx-auto max-w-full h-auto shadow-sm\" height=\"492\" src=\"https:\/\/www.urfahaber.com\/images\/uploads\/2026\/04\/saldiri-ara-69f18de652e0b.jpg\" width=\"915\" \/><\/p>\n<p>Olay\u0131n alacak-verecek meselesinden kaynaklanan husumet nedeniyle ger\u00e7ekle\u015fti\u011fi \u00f6ne s\u00fcr\u00fcl\u00fcrken, jandarma timleri ka\u00e7an \u015f\u00fcpheli ya da \u015f\u00fcphelileri yakalamak i\u00e7in geni\u015f \u00e7apl\u0131 \u00e7al\u0131\u015fma ba\u015flatt\u0131.<\/p>\n<p>Kaynak: \u0130HA<\/p>\n","protected":false},"excerpt":{"rendered":"<p>Bursa&#8217;n\u0131n G\u00fcrsu il\u00e7esinde depoya d\u00fczenlenen silahl\u0131 sald\u0131r\u0131da avukat hayat\u0131n\u0131 kaybetti, bir ki\u015fi de yaraland\u0131. Olay,&#8230;<\/p>\n","protected":false},"author":1,"featured_media":8617,"comment_status":"closed","ping_status":"open","sticky":false,"template":"","format":"standard","meta":{"footnotes":""},"categories":[1],"tags":[],"class_list":["post-8616","post","type-post","status-publish","format-standard","has-post-thumbnail","hentry","category-gundem"],"_links":{"self":[{"href":"https:\/\/haberadmin.com\/index.php?rest_route=\/wp\/v2\/posts\/8616","targetHints":{"allow":["GET"]}}],"collection":[{"href":"https:\/\/haberadmin.com\/index.php?rest_route=\/wp\/v2\/posts"}],"about":[{"href":"https:\/\/haberadmin.com\/index.php?rest_route=\/wp\/v2\/types\/post"}],"author":[{"embeddable":true,"href":"https:\/\/haberadmin.com\/index.php?rest_route=\/wp\/v2\/users\/1"}],"replies":[{"embeddable":true,"href":"https:\/\/haberadmin.com\/index.php?rest_route=%2Fwp%2Fv2%2Fcomments&post=8616"}],"version-history":[{"count":0,"href":"https:\/\/haberadmin.com\/index.php?rest_route=\/wp\/v2\/posts\/8616\/revisions"}],"wp:featuredmedia":[{"embeddable":true,"href":"https:\/\/haberadmin.com\/index.php?rest_route=\/wp\/v2\/media\/8617"}],"wp:attachment":[{"href":"https:\/\/haberadmin.com\/index.php?rest_route=%2Fwp%2Fv2%2Fmedia&parent=8616"}],"wp:term":[{"taxonomy":"category","embeddable":true,"href":"https:\/\/haberadmin.com\/index.php?rest_route=%2Fwp%2Fv2%2Fcategories&post=8616"},{"taxonomy":"post_tag","embeddable":true,"href":"https:\/\/haberadmin.com\/index.php?rest_route=%2Fwp%2Fv2%2Ftags&post=8616"}],"curies":[{"name":"wp","href":"https:\/\/api.w.org\/{rel}","templated":true}]}}