{"id":8609,"date":"2026-04-28T18:15:45","date_gmt":"2026-04-28T18:15:45","guid":{"rendered":"https:\/\/haberadmin.com\/?p=8609"},"modified":"2026-04-28T18:15:45","modified_gmt":"2026-04-28T18:15:45","slug":"siverekte-sahte-curuk-raporu-operasyonu-cok-sayida-gozalti","status":"publish","type":"post","link":"https:\/\/haberadmin.com\/?p=8609","title":{"rendered":"Siverek\u2019te &#8220;sahte \u00e7\u00fcr\u00fck raporu&#8221; operasyonu: \u00c7ok say\u0131da g\u00f6zalt\u0131!"},"content":{"rendered":"<p>\u015eanl\u0131urfa\u2019n\u0131n Siverek il\u00e7esinde sahte &#8220;askerli\u011fe elveri\u015fli de\u011fildir&#8221; raporu d\u00fczenledikleri tespit edilen \u015f\u00fcphelilere y\u00f6nelik y\u00fcr\u00fct\u00fclen soru\u015fturma kapsam\u0131nda 14 ki\u015fi g\u00f6zalt\u0131na al\u0131nd\u0131. \u015e\u00fcphelilerden 10\u2019u \u00e7\u0131kar\u0131ld\u0131klar\u0131 mahkemece tutukland\u0131.<\/p>\n<p><img decoding=\"async\" alt=\"Urfa'da sahte \" sahte=\"\" src=\"https:\/\/www.urfahaber.com\/images\/uploads\/2026\/04\/babababababa-69f0fba9b4d08.jpg\" \/><\/p>\n<p><strong>\u015e\u00dcPHEL\u0130LERE Y\u00d6NEL\u0130K OPERASYON BA\u015eLATILDI<\/strong><br \/> Edinilen bilgilere g\u00f6re, Siverek \u0130l\u00e7e Jandarma Komutanl\u0131\u011f\u0131 ekiplerince sahte sa\u011fl\u0131k raporu d\u00fczenleyerek haks\u0131z kazan\u00e7 sa\u011flad\u0131klar\u0131 iddia edilen \u015f\u00fcphelilere y\u00f6nelik \u00e7al\u0131\u015fma ba\u015flat\u0131ld\u0131. Yap\u0131lan teknik ve fiziki takip sonucu kimlikleri belirlenen 14 \u015f\u00fcpheli, d\u00fczenlenen operasyonla yakalanarak g\u00f6zalt\u0131na al\u0131nd\u0131.<\/p>\n<p><img decoding=\"async\" alt=\"Urfa'da sahte \" sahte=\"\" src=\"https:\/\/www.urfahaber.com\/images\/uploads\/2026\/04\/1231-69f0fbb2e2b03.jpg\" \/><\/p>\n<p><strong>\u015e\u00dcPHEL\u0130LER \u00c7IKARILDIKLARI MAHKEMECE CEZAEV\u0130NE G\u00d6NDER\u0130LD\u0130\u00a0<\/strong><br \/> Jandarmadaki i\u015flemlerinin ard\u0131ndan adliyeye sevk edilen \u015f\u00fcphelilerden 10\u2019u \u00e7\u0131kar\u0131ld\u0131klar\u0131 mahkemece tutuklanarak cezaevine g\u00f6nderildi. 3 \u015f\u00fcphelinin adli kontrol \u015fart\u0131yla serbest b\u0131rak\u0131ld\u0131\u011f\u0131, 1 \u015f\u00fcphelinin ise ifadesinin ard\u0131ndan serbest b\u0131rak\u0131ld\u0131\u011f\u0131 \u00f6\u011frenildi.<\/p>\n<p>Kaynak: \u0130HA\u00a0<\/p>\n","protected":false},"excerpt":{"rendered":"<p>\u015eanl\u0131urfa\u2019n\u0131n Siverek il\u00e7esinde sahte &#8220;askerli\u011fe elveri\u015fli de\u011fildir&#8221; raporu d\u00fczenledikleri tespit edilen \u015f\u00fcphelilere y\u00f6nelik y\u00fcr\u00fct\u00fclen soru\u015fturma&#8230;<\/p>\n","protected":false},"author":1,"featured_media":8610,"comment_status":"closed","ping_status":"open","sticky":false,"template":"","format":"standard","meta":{"footnotes":""},"categories":[1],"tags":[],"class_list":["post-8609","post","type-post","status-publish","format-standard","has-post-thumbnail","hentry","category-gundem"],"_links":{"self":[{"href":"https:\/\/haberadmin.com\/index.php?rest_route=\/wp\/v2\/posts\/8609","targetHints":{"allow":["GET"]}}],"collection":[{"href":"https:\/\/haberadmin.com\/index.php?rest_route=\/wp\/v2\/posts"}],"about":[{"href":"https:\/\/haberadmin.com\/index.php?rest_route=\/wp\/v2\/types\/post"}],"author":[{"embeddable":true,"href":"https:\/\/haberadmin.com\/index.php?rest_route=\/wp\/v2\/users\/1"}],"replies":[{"embeddable":true,"href":"https:\/\/haberadmin.com\/index.php?rest_route=%2Fwp%2Fv2%2Fcomments&post=8609"}],"version-history":[{"count":0,"href":"https:\/\/haberadmin.com\/index.php?rest_route=\/wp\/v2\/posts\/8609\/revisions"}],"wp:featuredmedia":[{"embeddable":true,"href":"https:\/\/haberadmin.com\/index.php?rest_route=\/wp\/v2\/media\/8610"}],"wp:attachment":[{"href":"https:\/\/haberadmin.com\/index.php?rest_route=%2Fwp%2Fv2%2Fmedia&parent=8609"}],"wp:term":[{"taxonomy":"category","embeddable":true,"href":"https:\/\/haberadmin.com\/index.php?rest_route=%2Fwp%2Fv2%2Fcategories&post=8609"},{"taxonomy":"post_tag","embeddable":true,"href":"https:\/\/haberadmin.com\/index.php?rest_route=%2Fwp%2Fv2%2Ftags&post=8609"}],"curies":[{"name":"wp","href":"https:\/\/api.w.org\/{rel}","templated":true}]}}