{"id":8590,"date":"2026-04-28T10:51:31","date_gmt":"2026-04-28T10:51:31","guid":{"rendered":"https:\/\/haberadmin.com\/?p=8590"},"modified":"2026-04-28T10:51:31","modified_gmt":"2026-04-28T10:51:31","slug":"motosiklet-uzerinde-tehlikeli-sov-canini-hice-saydi","status":"publish","type":"post","link":"https:\/\/haberadmin.com\/?p=8590","title":{"rendered":"Motosiklet \u00fczerinde tehlikeli \u015fov: Can\u0131n\u0131 hi\u00e7e sayd\u0131!"},"content":{"rendered":"<p>Bursa&#8217;da motosiklet s\u00fcr\u00fcc\u00fcs\u00fcn\u00fcn trafikte yapt\u0131\u011f\u0131 tehlikeli hareketler g\u00f6renleri hayrete d\u00fc\u015f\u00fcrd\u00fc. Seyir halindeyken motosikletin \u00fczerine uzanarak ilerleyen s\u00fcr\u00fcc\u00fc, adeta \u00f6l\u00fcmle dans etti.<\/p>\n<p>Bursa&#8217;n\u0131n Kestel il\u00e7esinde hem kendi can\u0131n\u0131 hi\u00e7e sayan hem de di\u011fer s\u00fcr\u00fcc\u00fclerin g\u00fcvenli\u011fini tehlikeye atan motosikletli, &#8216;bu kadar olmaz&#8217; dedirtti. Kurallar\u0131 yok sayan s\u00fcr\u00fcc\u00fcn\u00fcn bu tehlikeli hareketi \u00e7evredeki vatanda\u015flar\u0131n da tepkisini \u00e7ekti.<\/p>\n<p><img loading=\"lazy\" decoding=\"async\" alt=\"Motosiklet \u00fczerinde tehlikeli \u015fov: Can\u0131n\u0131 hi\u00e7e sayd\u0131!\" class=\"mx-auto max-w-full h-auto shadow-sm\" height=\"639\" src=\"https:\/\/www.urfahaber.com\/images\/uploads\/2026\/04\/mm1-69f09133e3779.jpg\" width=\"843\" \/><\/p>\n<p>Adeta &#8216;\u015fov&#8217; u\u011fruna yap\u0131lan sorumsuz davran\u0131\u015f\u0131n kazaya davetiye \u00e7\u0131kard\u0131\u011f\u0131n\u0131 belirten vatanda\u015flar, bu t\u00fcr g\u00f6r\u00fcnt\u00fclerin \u00f6zendirici olmamas\u0131 gerekti\u011fini ifade etti. Trafik g\u00fcvenli\u011fini a\u00e7\u0131k\u00e7a tehlikeye atan bu t\u00fcr ihlallerde yaln\u0131zca para cezas\u0131n\u0131n yeterli olmad\u0131\u011f\u0131n\u0131 savunan vatanda\u015flar, motosikletin trafikten men edilmesi ve el konulmas\u0131 gibi daha cayd\u0131r\u0131c\u0131 yapt\u0131r\u0131mlar uygulanmas\u0131 gerekti\u011fini dile getirdi.<\/p>\n<p>Kaynak: \u0130HA<\/p>\n","protected":false},"excerpt":{"rendered":"<p>Bursa&#8217;da motosiklet s\u00fcr\u00fcc\u00fcs\u00fcn\u00fcn trafikte yapt\u0131\u011f\u0131 tehlikeli hareketler g\u00f6renleri hayrete d\u00fc\u015f\u00fcrd\u00fc. Seyir halindeyken motosikletin \u00fczerine uzanarak&#8230;<\/p>\n","protected":false},"author":1,"featured_media":8591,"comment_status":"closed","ping_status":"open","sticky":false,"template":"","format":"standard","meta":{"footnotes":""},"categories":[1],"tags":[],"class_list":["post-8590","post","type-post","status-publish","format-standard","has-post-thumbnail","hentry","category-gundem"],"_links":{"self":[{"href":"https:\/\/haberadmin.com\/index.php?rest_route=\/wp\/v2\/posts\/8590","targetHints":{"allow":["GET"]}}],"collection":[{"href":"https:\/\/haberadmin.com\/index.php?rest_route=\/wp\/v2\/posts"}],"about":[{"href":"https:\/\/haberadmin.com\/index.php?rest_route=\/wp\/v2\/types\/post"}],"author":[{"embeddable":true,"href":"https:\/\/haberadmin.com\/index.php?rest_route=\/wp\/v2\/users\/1"}],"replies":[{"embeddable":true,"href":"https:\/\/haberadmin.com\/index.php?rest_route=%2Fwp%2Fv2%2Fcomments&post=8590"}],"version-history":[{"count":0,"href":"https:\/\/haberadmin.com\/index.php?rest_route=\/wp\/v2\/posts\/8590\/revisions"}],"wp:featuredmedia":[{"embeddable":true,"href":"https:\/\/haberadmin.com\/index.php?rest_route=\/wp\/v2\/media\/8591"}],"wp:attachment":[{"href":"https:\/\/haberadmin.com\/index.php?rest_route=%2Fwp%2Fv2%2Fmedia&parent=8590"}],"wp:term":[{"taxonomy":"category","embeddable":true,"href":"https:\/\/haberadmin.com\/index.php?rest_route=%2Fwp%2Fv2%2Fcategories&post=8590"},{"taxonomy":"post_tag","embeddable":true,"href":"https:\/\/haberadmin.com\/index.php?rest_route=%2Fwp%2Fv2%2Ftags&post=8590"}],"curies":[{"name":"wp","href":"https:\/\/api.w.org\/{rel}","templated":true}]}}