{"id":8584,"date":"2026-04-28T09:21:44","date_gmt":"2026-04-28T09:21:44","guid":{"rendered":"https:\/\/haberadmin.com\/?p=8584"},"modified":"2026-04-28T09:21:44","modified_gmt":"2026-04-28T09:21:44","slug":"mhp-lideri-bahceliden-von-der-leyene-sert-elestiri","status":"publish","type":"post","link":"https:\/\/haberadmin.com\/?p=8584","title":{"rendered":"Mhp lideri Bah\u00e7eli\u2019den Von Der Leyen\u2019e sert ele\u015ftiri!"},"content":{"rendered":"<p>Partisinin grup toplant\u0131s\u0131nda konu\u015fan Milliyet\u00e7i Hareket Partisi (MHP) Genel Ba\u015fkan\u0131 Bah\u00e7eli, Avrupa Komisyonu Ba\u015fkan\u0131 Ursula von der Leyen\u2019i sert s\u00f6zlerle ele\u015ftirdi.<\/p>\n<p>Bah\u00e7eli: &#8220;Mesele Ankara&#8217;n\u0131n istikameti de\u011fil, Br\u00fcksel&#8217;in iki y\u00fczl\u00fc siyasetidir. Avrupa Komisyonu ba\u015fkan\u0131n\u0131n a\u011fz\u0131ndan d\u00f6k\u00fclen bu s\u00f6z dilin kazas\u0131 olarak g\u00f6r\u00fclemez. Nitekim bu k\u00fcstah dilin jeopolitik bak\u0131mdan sorunlu bulundu\u011fu bizzat kendi \u00e7evrelerinde dile getirilmi\u015ftir.<\/p>\n<p><img loading=\"lazy\" decoding=\"async\" alt=\"G\u00f6rsel\" class=\"mx-auto max-w-full h-auto shadow-sm\" height=\"640\" src=\"https:\/\/www.urfahaber.com\/images\/uploads\/2026\/04\/b3-69f07ac2bf027.jpg\" width=\"948\" \/><\/p>\n<h2>BAH\u00c7EL\u0130&#8217;DEN B\u00dcR\u00dcKSELE \u00c7A\u011eRI<\/h2>\n<p>Konu\u015fmas\u0131n\u0131n devam\u0131nda T\u00fcrkiye\u2019nin Avrupa i\u00e7in vazge\u00e7ilmez bir \u00fclke oldu\u011funu vurgulayan Bah\u00e7eli, Avrupa Birli\u011fi\u2019nin politikalar\u0131n\u0131 ele\u015ftirerek \u015fu de\u011ferlendirmeyi yapt\u0131:<\/p>\n<p>\u201cAvrupa Birli\u011fi T\u00fcrkiye\u2019yi y\u0131llard\u0131r \u00fcyelik bahsinde d\u0131\u015far\u0131da, g\u00fcvenlikte i\u00e7eride, de\u011ferler s\u00f6yleminde \u00f6tede, y\u00fck payla\u015f\u0131m\u0131nda beride tutmaya \u00e7al\u0131\u015fm\u0131\u015ft\u0131r.\u201d<\/p>\n<p>Bah\u00e7eli\u2019nin bu s\u00f6zleri, T\u00fcrkiye-Avrupa Birli\u011fi ili\u015fkilerinde s\u00fcregelen tart\u0131\u015fmalar\u0131 yeniden g\u00fcndeme ta\u015f\u0131rken, MHP lideri T\u00fcrkiye\u2019nin stratejik konumuna vurgu yaparak Br\u00fcksel\u2019in politikalar\u0131n\u0131n g\u00f6zden ge\u00e7irilmesi gerekti\u011fini ifade etti.<\/p>\n<p><img loading=\"lazy\" decoding=\"async\" alt=\"G\u00f6rsel\" class=\"mx-auto max-w-full h-auto shadow-sm\" height=\"647\" src=\"https:\/\/www.urfahaber.com\/images\/uploads\/2026\/04\/b2-69f07ad4f208c.jpg\" width=\"944\" \/><\/p>\n","protected":false},"excerpt":{"rendered":"<p>Partisinin grup toplant\u0131s\u0131nda konu\u015fan Milliyet\u00e7i Hareket Partisi (MHP) Genel Ba\u015fkan\u0131 Bah\u00e7eli, Avrupa Komisyonu Ba\u015fkan\u0131 Ursula&#8230;<\/p>\n","protected":false},"author":1,"featured_media":8585,"comment_status":"closed","ping_status":"open","sticky":false,"template":"","format":"standard","meta":{"footnotes":""},"categories":[1],"tags":[],"class_list":["post-8584","post","type-post","status-publish","format-standard","has-post-thumbnail","hentry","category-gundem"],"_links":{"self":[{"href":"https:\/\/haberadmin.com\/index.php?rest_route=\/wp\/v2\/posts\/8584","targetHints":{"allow":["GET"]}}],"collection":[{"href":"https:\/\/haberadmin.com\/index.php?rest_route=\/wp\/v2\/posts"}],"about":[{"href":"https:\/\/haberadmin.com\/index.php?rest_route=\/wp\/v2\/types\/post"}],"author":[{"embeddable":true,"href":"https:\/\/haberadmin.com\/index.php?rest_route=\/wp\/v2\/users\/1"}],"replies":[{"embeddable":true,"href":"https:\/\/haberadmin.com\/index.php?rest_route=%2Fwp%2Fv2%2Fcomments&post=8584"}],"version-history":[{"count":0,"href":"https:\/\/haberadmin.com\/index.php?rest_route=\/wp\/v2\/posts\/8584\/revisions"}],"wp:featuredmedia":[{"embeddable":true,"href":"https:\/\/haberadmin.com\/index.php?rest_route=\/wp\/v2\/media\/8585"}],"wp:attachment":[{"href":"https:\/\/haberadmin.com\/index.php?rest_route=%2Fwp%2Fv2%2Fmedia&parent=8584"}],"wp:term":[{"taxonomy":"category","embeddable":true,"href":"https:\/\/haberadmin.com\/index.php?rest_route=%2Fwp%2Fv2%2Fcategories&post=8584"},{"taxonomy":"post_tag","embeddable":true,"href":"https:\/\/haberadmin.com\/index.php?rest_route=%2Fwp%2Fv2%2Ftags&post=8584"}],"curies":[{"name":"wp","href":"https:\/\/api.w.org\/{rel}","templated":true}]}}