{"id":8570,"date":"2026-04-28T06:33:05","date_gmt":"2026-04-28T06:33:05","guid":{"rendered":"https:\/\/haberadmin.com\/?p=8570"},"modified":"2026-04-28T06:33:05","modified_gmt":"2026-04-28T06:33:05","slug":"urfada-korkutan-kaza-yaralilar-var","status":"publish","type":"post","link":"https:\/\/haberadmin.com\/?p=8570","title":{"rendered":"Urfa&#8217;da korkutan kaza: Yaral\u0131lar var!"},"content":{"rendered":"<p>Edinilen bilgilere g\u00f6re,\u00a0\u015eanl\u0131urfa\u2019n\u0131n Suru\u00e7 il\u00e7esinde K\u00fc\u00e7\u00fckziyaret Mahallesi Suru\u00e7-Ak\u00e7akale karayolu \u00fczerinde ya\u015fanan kazada, hafif ticari arac\u0131n lasti\u011finin patlamas\u0131 sonucu s\u00fcr\u00fcc\u00fcn\u00fcn direksiyon hakimiyetini kaybetti\u011fi \u00f6\u011frenildi.\u00a0<\/p>\n<p>Durumun bildirilmesi \u00fczerine b\u00f6lgeye sa\u011fl\u0131k ve jandarma ekipleri sevk edildi.<\/p>\n<h2><strong>\u00c7OK SAYIDA EK\u0130P B\u00d6LGEYE G\u00d6NDER\u0130LD\u0130<\/strong><\/h2>\n<p>Olay yerine ula\u015fan ekipler yaral\u0131lara ilk m\u00fcdahaleyi yapt\u0131. \u0130lk bilgilere g\u00f6re aralar\u0131nda \u00e7ocuklar\u0131n da bulundu\u011fu 7 ya da 8 ki\u015finin yaraland\u0131\u011f\u0131 \u00f6\u011frenildi.<\/p>\n<h2><strong>YARALILAR HASTANEYE KALDIRILDI<\/strong><\/h2>\n<p>Sa\u011fl\u0131k ekipleri taraf\u0131ndan ambulanslarla Suru\u00e7 Devlet Hastanesi\u2019ne kald\u0131r\u0131lan yaral\u0131lar\u0131n tedavi alt\u0131na al\u0131nd\u0131\u011f\u0131 belirtildi. Yaral\u0131lar\u0131n sa\u011fl\u0131k durumlar\u0131n\u0131n iyi oldu\u011fu \u00f6\u011frenildi.<\/p>\n<h2><strong>TRAF\u0130K KONTROLL\u00dc \u015eEK\u0130LDE SA\u011eLANDI<\/strong><\/h2>\n<p>Jandarma ekipleri kaza b\u00f6lgesinde geni\u015f g\u00fcvenlik \u00f6nlemleri al\u0131rken, trafik bir s\u00fcre kontroll\u00fc olarak sa\u011fland\u0131. Kazaya kar\u0131\u015fan ara\u00e7 incelemelerin ard\u0131ndan \u00e7ekici yard\u0131m\u0131yla kald\u0131r\u0131ld\u0131. Kazayla ilgili jandarma ekipleri taraf\u0131ndan soru\u015fturma ba\u015flat\u0131ld\u0131.<\/p>\n","protected":false},"excerpt":{"rendered":"<p>Edinilen bilgilere g\u00f6re,\u00a0\u015eanl\u0131urfa\u2019n\u0131n Suru\u00e7 il\u00e7esinde K\u00fc\u00e7\u00fckziyaret Mahallesi Suru\u00e7-Ak\u00e7akale karayolu \u00fczerinde ya\u015fanan kazada, hafif ticari arac\u0131n&#8230;<\/p>\n","protected":false},"author":1,"featured_media":0,"comment_status":"closed","ping_status":"open","sticky":false,"template":"","format":"standard","meta":{"footnotes":""},"categories":[1],"tags":[],"class_list":["post-8570","post","type-post","status-publish","format-standard","hentry","category-gundem"],"_links":{"self":[{"href":"https:\/\/haberadmin.com\/index.php?rest_route=\/wp\/v2\/posts\/8570","targetHints":{"allow":["GET"]}}],"collection":[{"href":"https:\/\/haberadmin.com\/index.php?rest_route=\/wp\/v2\/posts"}],"about":[{"href":"https:\/\/haberadmin.com\/index.php?rest_route=\/wp\/v2\/types\/post"}],"author":[{"embeddable":true,"href":"https:\/\/haberadmin.com\/index.php?rest_route=\/wp\/v2\/users\/1"}],"replies":[{"embeddable":true,"href":"https:\/\/haberadmin.com\/index.php?rest_route=%2Fwp%2Fv2%2Fcomments&post=8570"}],"version-history":[{"count":0,"href":"https:\/\/haberadmin.com\/index.php?rest_route=\/wp\/v2\/posts\/8570\/revisions"}],"wp:attachment":[{"href":"https:\/\/haberadmin.com\/index.php?rest_route=%2Fwp%2Fv2%2Fmedia&parent=8570"}],"wp:term":[{"taxonomy":"category","embeddable":true,"href":"https:\/\/haberadmin.com\/index.php?rest_route=%2Fwp%2Fv2%2Fcategories&post=8570"},{"taxonomy":"post_tag","embeddable":true,"href":"https:\/\/haberadmin.com\/index.php?rest_route=%2Fwp%2Fv2%2Ftags&post=8570"}],"curies":[{"name":"wp","href":"https:\/\/api.w.org\/{rel}","templated":true}]}}