{"id":8562,"date":"2026-04-27T19:49:14","date_gmt":"2026-04-27T19:49:14","guid":{"rendered":"https:\/\/haberadmin.com\/?p=8562"},"modified":"2026-04-27T19:49:14","modified_gmt":"2026-04-27T19:49:14","slug":"fenerbahcede-buyuk-deprem-3-isimle-yollar-ayrildi","status":"publish","type":"post","link":"https:\/\/haberadmin.com\/?p=8562","title":{"rendered":"Fenerbah\u00e7e\u2019de b\u00fcy\u00fck deprem: 3 isimle yollar ayr\u0131ld\u0131!"},"content":{"rendered":"<p>Fenerbah\u00e7e Spor Kul\u00fcb\u00fc, \u0130talyan teknik direkt\u00f6r Domenico Tedesco ve ekibiyle yollar resmen ayr\u0131ld\u0131.Kul\u00fcpten yap\u0131lan resmi a\u00e7\u0131klamada, Sportif Direkt\u00f6r Devin \u00d6zek ile Futbol Koordinat\u00f6r\u00fc Berke \u00c7elebi\u2019nin de g\u00f6revlerine son verildi\u011fi duyuruldu. Kul\u00fcp, \u00fc\u00e7 isim ve Tedesco\u2019nun teknik heyetine yapt\u0131klar\u0131 katk\u0131lardan dolay\u0131 te\u015fekk\u00fcr ederek, gelecekteki kariyerlerinde ba\u015far\u0131lar diledi.<\/p>\n<p><img loading=\"lazy\" decoding=\"async\" alt=\"Fenerbah\u00e7e\u2019de b\u00fcy\u00fck deprem: 3 isimle yollar ayr\u0131ld\u0131!\" class=\"mx-auto max-w-full h-auto shadow-sm\" height=\"804\" src=\"https:\/\/www.urfahaber.com\/images\/uploads\/2026\/04\/20260325aw668988-0-69efbf72c9f9e.jpg\" width=\"1200\" \/><\/p>\n<p><strong>FENERBAH\u00c7E TEKN\u0130K D\u0130REKT\u00d6RS\u00dcZ SAHAYA \u00c7IKACAK<\/strong><\/p>\n<p>Sezonun kalan b\u00f6l\u00fcm\u00fcnde tak\u0131m\u0131n sorumlulu\u011fu ise Yard\u0131mc\u0131 Antren\u00f6r Zeki Murat G\u00f6le\u2019ye verildi. G\u00f6le, Fenerbah\u00e7e\u2019nin S\u00fcper Lig\u2019deki kalan ma\u00e7lar\u0131nda teknik direkt\u00f6r olarak sahaya \u00e7\u0131kacak.<\/p>\n<p><img loading=\"lazy\" decoding=\"async\" alt=\"Fenerbah\u00e7e\u2019de b\u00fcy\u00fck deprem: 3 isimle yollar ayr\u0131ld\u0131!\" class=\"mx-auto max-w-full h-auto shadow-sm\" height=\"640\" src=\"https:\/\/www.urfahaber.com\/images\/uploads\/2026\/04\/yuyuyu-69efbf4458755.jpg\" width=\"1200\" \/><\/p>\n<p><strong>FENERBAH\u00c7E SPOR KUL\u00dcB\u00dc\u2019NDEN\u00a0RESM\u0130 A\u00c7IKLAMA<\/strong><\/p>\n<p>&#8220;Teknik Direkt\u00f6r\u00fcm\u00fcz Domenico Tedesco ve teknik heyeti ile yollar\u0131m\u0131z ayr\u0131lm\u0131\u015ft\u0131r.Sportif Direkt\u00f6r\u00fcm\u00fcz Devin \u00d6zek ve Futbol Koordinat\u00f6r\u00fcm\u00fcz Berke \u00c7elebi ile de yollar\u0131m\u0131z\u0131n ayr\u0131lmas\u0131 kararla\u015ft\u0131r\u0131lm\u0131\u015ft\u0131r.Kendilerine kul\u00fcb\u00fcm\u00fcze yapt\u0131klar\u0131 katk\u0131lardan dolay\u0131 te\u015fekk\u00fcr eder; bundan sonraki kariyerlerinde ba\u015far\u0131lar dileriz.&#8221;<\/p>\n<p>\u00a0<\/p>\n","protected":false},"excerpt":{"rendered":"<p>Fenerbah\u00e7e Spor Kul\u00fcb\u00fc, \u0130talyan teknik direkt\u00f6r Domenico Tedesco ve ekibiyle yollar resmen ayr\u0131ld\u0131.Kul\u00fcpten yap\u0131lan resmi&#8230;<\/p>\n","protected":false},"author":1,"featured_media":8563,"comment_status":"closed","ping_status":"open","sticky":false,"template":"","format":"standard","meta":{"footnotes":""},"categories":[1],"tags":[],"class_list":["post-8562","post","type-post","status-publish","format-standard","has-post-thumbnail","hentry","category-gundem"],"_links":{"self":[{"href":"https:\/\/haberadmin.com\/index.php?rest_route=\/wp\/v2\/posts\/8562","targetHints":{"allow":["GET"]}}],"collection":[{"href":"https:\/\/haberadmin.com\/index.php?rest_route=\/wp\/v2\/posts"}],"about":[{"href":"https:\/\/haberadmin.com\/index.php?rest_route=\/wp\/v2\/types\/post"}],"author":[{"embeddable":true,"href":"https:\/\/haberadmin.com\/index.php?rest_route=\/wp\/v2\/users\/1"}],"replies":[{"embeddable":true,"href":"https:\/\/haberadmin.com\/index.php?rest_route=%2Fwp%2Fv2%2Fcomments&post=8562"}],"version-history":[{"count":0,"href":"https:\/\/haberadmin.com\/index.php?rest_route=\/wp\/v2\/posts\/8562\/revisions"}],"wp:featuredmedia":[{"embeddable":true,"href":"https:\/\/haberadmin.com\/index.php?rest_route=\/wp\/v2\/media\/8563"}],"wp:attachment":[{"href":"https:\/\/haberadmin.com\/index.php?rest_route=%2Fwp%2Fv2%2Fmedia&parent=8562"}],"wp:term":[{"taxonomy":"category","embeddable":true,"href":"https:\/\/haberadmin.com\/index.php?rest_route=%2Fwp%2Fv2%2Fcategories&post=8562"},{"taxonomy":"post_tag","embeddable":true,"href":"https:\/\/haberadmin.com\/index.php?rest_route=%2Fwp%2Fv2%2Ftags&post=8562"}],"curies":[{"name":"wp","href":"https:\/\/api.w.org\/{rel}","templated":true}]}}