{"id":8548,"date":"2026-04-27T13:42:43","date_gmt":"2026-04-27T13:42:43","guid":{"rendered":"https:\/\/haberadmin.com\/?p=8548"},"modified":"2026-04-27T13:42:43","modified_gmt":"2026-04-27T13:42:43","slug":"belcikada-ilk-kez-bir-turk-takimi-sampiyon-oldu","status":"publish","type":"post","link":"https:\/\/haberadmin.com\/?p=8548","title":{"rendered":"Bel\u00e7ika&#8217;da ilk kez bir T\u00fcrk tak\u0131m\u0131 \u015fampiyon oldu!"},"content":{"rendered":"<p>Bel\u00e7ika&#8217;n\u0131n Limburg b\u00f6lgesinde 1968&#8217;de T\u00fcrk i\u015f\u00e7ileri taraf\u0131ndan kurulan FC Anadol adl\u0131 futbol tak\u0131m\u0131, sezonun son haftas\u0131nda deplasmanda KVV Heusden-Zolder&#8217;i 3-0 ma\u011flup ederek hem \u015fampiyonlu\u011funu ilan etti hem de kul\u00fcp tarihinde ilk kez B\u00f6lgesel 1. Lig&#8217;ine y\u00fckseldi. Oyuncular M\u00fccahit Ulup\u0131nar, Emre Erciyas ve Murat Bayraktar&#8217;\u0131n golleriyle gelen galibiyette FC Anadol, iki k\u0131rm\u0131z\u0131 kartla 9 ki\u015fi kalmas\u0131na ra\u011fmen m\u00fccadeleyi b\u0131rakmad\u0131 ve sahadan net bir skorla ayr\u0131ld\u0131. Bulundu\u011fu ligde \u015fampiyon olan FC Anadol, bu sonu\u00e7la tarihindeki en y\u00fcksek seviyeye \u00e7\u0131kt\u0131.<\/p>\n<p><img loading=\"lazy\" decoding=\"async\" alt=\"G\u00f6rsel\" class=\"mx-auto max-w-full h-auto shadow-sm\" height=\"572\" src=\"https:\/\/www.urfahaber.com\/images\/uploads\/2026\/04\/sam-ara1-69ef67c1374a9.jpg\" width=\"858\" \/><\/p>\n<h2>BA\u015eKAN TERCAN: &#8220;BU DAHA BA\u015eLANGI\u00c7&#8221;<\/h2>\n<p>\u015eampiyonluk sonras\u0131 sevincini payla\u015fan Kul\u00fcp Ba\u015fkan\u0131 Atila Tercan, \u015fampiyonluk ma\u00e7\u0131n\u0131n ard\u0131ndan yapt\u0131\u011f\u0131 a\u00e7\u0131klamada hedeflerini bitmedi\u011fini ifade ederek, &#8220;Bu bizim hedefimizdi ama kesinlikle nihai hedefimiz de\u011fil. Bask\u0131 \u00e7ok b\u00fcy\u00fckt\u00fc, ancak tak\u0131m\u0131m\u0131z karakterini ortaya koydu&#8221; dedi. Ba\u015fkan Tercan, bu ba\u015far\u0131n\u0131n yaln\u0131zca sportif bir sonu\u00e7 olmad\u0131\u011f\u0131n\u0131, Bel\u00e7ika&#8217;daki T\u00fcrk toplumu i\u00e7in de gurur verici bir d\u00f6n\u00fcm noktas\u0131 oldu\u011funu s\u00f6yledi. Ba\u015fkan Tercan, &#8220;Kurulu\u015ftan beri ilk kez bu ba\u015far\u0131 bana ve y\u00f6netimdeki arkada\u015flar\u0131m\u0131za nasip oldu\u011fu i\u00e7in \u00e7ok sevin\u00e7liyiz. Bundan evvel iki y\u0131l playoff oynad\u0131k \u00e7\u0131kamad\u0131k ama bu y\u0131l \u015fampiyon olduk. B\u00f6lgesel birinci lige y\u00fckseldik. Buradan hareketle yeni ligimize adapte olmak ve tesisle\u015fmek hedeflerimiz var. Heuzden-Zolder Halk\u0131 hem maddi hem manevi destek oluyor. Bu \u015fampiyonluk da onlar\u0131n destekleriyle oldu. Onlar bizi desteklemeseydi bu ba\u015far\u0131ya ula\u015famazd\u0131k&#8221; ifadelerini kulland\u0131.<\/p>\n<p><img loading=\"lazy\" decoding=\"async\" alt=\"G\u00f6rsel\" class=\"mx-auto max-w-full h-auto shadow-sm\" height=\"559\" src=\"https:\/\/www.urfahaber.com\/images\/uploads\/2026\/04\/sam-ara2-69ef67ce092e0.jpg\" width=\"839\" \/><\/p>\n<h2>T\u00dcRK TOPLUMUNDA B\u00dcY\u00dcK SEV\u0130N\u00c7<\/h2>\n<p>FC Anadol&#8217;un \u015fampiyonluk ma\u00e7\u0131n\u0131 yakla\u015f\u0131k bin 200 futbolsever takip etti. Son d\u00fcd\u00fckle birlikte trib\u00fcnler adeta bayram yerine d\u00f6nd\u00fc. Me\u015faleler, tezah\u00fcratlar ve T\u00fcrk bayraklar\u0131 e\u015fli\u011finde kutlamalar uzun s\u00fcre devam etti. Bel\u00e7ika&#8217;daki T\u00fcrk toplumu, sosyal medya ve yerel dernekler \u00fczerinden \u015fampiyonlu\u011fu &#8220;tarihi bir ba\u015far\u0131&#8221; olarak de\u011ferlendirerek tak\u0131ma tebrik mesajlar\u0131 g\u00f6nderdi. Ba\u015fkan Yard\u0131mc\u0131s\u0131 Engin \u00d6zdemir, \u015fampiyonlu\u011fun ard\u0131ndan yapt\u0131\u011f\u0131 a\u00e7\u0131klamada eme\u011fin ve dayan\u0131\u015fman\u0131n alt\u0131n\u0131 \u00e7izerek &#8220;Bu sadece bir \u015fampiyonluk de\u011fil, inanc\u0131n, birli\u011fin ve eme\u011fin zaferidir. Futbolcular\u0131m\u0131zdan teknik heyete, taraftarlar\u0131m\u0131zdan sponsorlar\u0131m\u0131za kadar katk\u0131 sunan herkese te\u015fekk\u00fcr ediyoruz&#8221; dedi.<\/p>\n<p><img loading=\"lazy\" decoding=\"async\" alt=\"G\u00f6rsel\" class=\"mx-auto max-w-full h-auto shadow-sm\" height=\"574\" src=\"https:\/\/www.urfahaber.com\/images\/uploads\/2026\/04\/sam-ara4-69ef67dcbc43e.jpg\" width=\"862\" \/><\/p>\n<h2>&#8220;FC ANADOL SADECE B\u0130R KUL\u00dcP DE\u011e\u0130L K\u0130ML\u0130\u011e\u0130M\u0130Z OLDU&#8221;<\/h2>\n<p>Daha \u00f6nce tak\u0131mda oynam\u0131\u015f ve bug\u00fcn de taraftar olarak tak\u0131m\u0131 destekleyen Taner \u0130kiz ise ma\u00e7\u0131n hakemine tepkiliydi. \u0130ki k\u0131rm\u0131z\u0131 kart g\u00f6steren ve ma\u00e7a 10 dakika ara vererek oyunu so\u011futtu\u011funu ifade eden \u0130kiz, kazand\u0131klar\u0131 i\u00e7in sevin\u00e7li oldu\u011funu s\u00f6yledi. \u0130kiz, &#8220;Ben bu kul\u00fcpte sadece futbol oynamad\u0131m. Dostlu\u011fu, dayan\u0131\u015fmay\u0131 ve kimli\u011fimize sahip \u00e7\u0131kmay\u0131 burada \u00f6\u011frendim. FC Anadol bize nereden geldi\u011fimizi unutmadan, bulundu\u011fumuz yerde nas\u0131l g\u00fc\u00e7l\u00fc duraca\u011f\u0131m\u0131z\u0131 g\u00f6steren bir de\u011fer&#8221; dedi.<\/p>\n<p>Kul\u00fcbe y\u0131llarca hizmet veren H\u00fcseyin D\u00f6nmez de bu ba\u015far\u0131n\u0131n bir gurur oldu\u011funu, ba\u015fkan\u0131ndan y\u00f6neticisine seyircisinden g\u00f6n\u00fcll\u00fclere kadar bir \u00e7ok ki\u015finin yeti\u015fmesinde eme\u011fi olanlar olarak son derece mutlu olduklar\u0131n\u0131 s\u00f6yledi.<\/p>\n<p>Kaynak: \u0130HA<\/p>\n","protected":false},"excerpt":{"rendered":"<p>Bel\u00e7ika&#8217;n\u0131n Limburg b\u00f6lgesinde 1968&#8217;de T\u00fcrk i\u015f\u00e7ileri taraf\u0131ndan kurulan FC Anadol adl\u0131 futbol tak\u0131m\u0131, sezonun son&#8230;<\/p>\n","protected":false},"author":1,"featured_media":8549,"comment_status":"closed","ping_status":"open","sticky":false,"template":"","format":"standard","meta":{"footnotes":""},"categories":[1],"tags":[],"class_list":["post-8548","post","type-post","status-publish","format-standard","has-post-thumbnail","hentry","category-gundem"],"_links":{"self":[{"href":"https:\/\/haberadmin.com\/index.php?rest_route=\/wp\/v2\/posts\/8548","targetHints":{"allow":["GET"]}}],"collection":[{"href":"https:\/\/haberadmin.com\/index.php?rest_route=\/wp\/v2\/posts"}],"about":[{"href":"https:\/\/haberadmin.com\/index.php?rest_route=\/wp\/v2\/types\/post"}],"author":[{"embeddable":true,"href":"https:\/\/haberadmin.com\/index.php?rest_route=\/wp\/v2\/users\/1"}],"replies":[{"embeddable":true,"href":"https:\/\/haberadmin.com\/index.php?rest_route=%2Fwp%2Fv2%2Fcomments&post=8548"}],"version-history":[{"count":0,"href":"https:\/\/haberadmin.com\/index.php?rest_route=\/wp\/v2\/posts\/8548\/revisions"}],"wp:featuredmedia":[{"embeddable":true,"href":"https:\/\/haberadmin.com\/index.php?rest_route=\/wp\/v2\/media\/8549"}],"wp:attachment":[{"href":"https:\/\/haberadmin.com\/index.php?rest_route=%2Fwp%2Fv2%2Fmedia&parent=8548"}],"wp:term":[{"taxonomy":"category","embeddable":true,"href":"https:\/\/haberadmin.com\/index.php?rest_route=%2Fwp%2Fv2%2Fcategories&post=8548"},{"taxonomy":"post_tag","embeddable":true,"href":"https:\/\/haberadmin.com\/index.php?rest_route=%2Fwp%2Fv2%2Ftags&post=8548"}],"curies":[{"name":"wp","href":"https:\/\/api.w.org\/{rel}","templated":true}]}}