{"id":8544,"date":"2026-04-27T13:08:06","date_gmt":"2026-04-27T13:08:06","guid":{"rendered":"https:\/\/haberadmin.com\/?p=8544"},"modified":"2026-04-27T13:08:06","modified_gmt":"2026-04-27T13:08:06","slug":"esme-belediye-baskan-vekili-secildi","status":"publish","type":"post","link":"https:\/\/haberadmin.com\/?p=8544","title":{"rendered":"E\u015fme Belediye Ba\u015fkan Vekili se\u00e7ildi!"},"content":{"rendered":"<p>E\u015fme Belediye Ba\u015fkan\u0131 Y\u0131lmaz Tozan\u2019\u0131n tutuklu yarg\u0131lanmas\u0131 s\u00fcrerken, E\u015fme Belediyesi Meclisi tek g\u00fcndem maddesiyle ola\u011fan\u00fcst\u00fc topland\u0131. E\u015fme Belediyesi i\u00e7inde bulunan Belediye Meclis Salonu\u2019nda ger\u00e7ekle\u015ftirilen toplant\u0131da, ba\u015fkan vekili se\u00e7imini ger\u00e7ekle\u015ftirmek \u00fczere meclis \u00fcyesi Meliha Akcan y\u00f6netiminde \u00fcyeler bir araya geldi.\u00a0<\/p>\n<p><img loading=\"lazy\" decoding=\"async\" alt=\"E\u015fme Belediye Ba\u015fkan Vekili se\u00e7ildi!\" class=\"mx-auto max-w-full h-auto shadow-sm\" height=\"553\" src=\"https:\/\/www.urfahaber.com\/images\/uploads\/2026\/04\/zeki-ara2-69ef5f8acc2af.jpg\" width=\"830\" \/><\/p>\n<h2>11 MECL\u0130S \u00dcYES\u0130 OY KULLANDI<\/h2>\n<p>11 meclis \u00fcyesinin kat\u0131l\u0131m sa\u011flad\u0131\u011f\u0131 toplant\u0131da siyasi parti gruplar\u0131 adaylar\u0131n\u0131 belirledi. CHP Grubu ba\u015fkan vekilli\u011fi i\u00e7in Zeki I\u015f\u0131k aday g\u00f6sterirken, AK Parti Grubu Altan Aydemir\u2019i aday olarak g\u00f6sterdi. Kapal\u0131 oylama y\u00f6ntemiyle ger\u00e7ekle\u015ftirilen se\u00e7imde 11 meclis \u00fcyesinin tamam\u0131 oy kulland\u0131. \u0130lk turda her iki aday i\u00e7inde yeterli say\u0131ya ula\u015f\u0131lamazken, yap\u0131lan \u00fc\u00e7\u00fcnc\u00fc tur say\u0131m sonucunda 7 oy alan Zeki I\u015f\u0131k, E\u015fme Belediye Ba\u015fkan Vekili se\u00e7ildi. AK Parti\u2019nin aday\u0131 Altan Aydemir ise 4 oy ald\u0131.<\/p>\n<p><img loading=\"lazy\" decoding=\"async\" alt=\"E\u015fme Belediye Ba\u015fkan Vekili se\u00e7ildi!\" class=\"mx-auto max-w-full h-auto shadow-sm\" height=\"533\" src=\"https:\/\/www.urfahaber.com\/images\/uploads\/2026\/04\/zeki-ara3-69ef5f9abc413.jpg\" width=\"800\" \/><\/p>\n<h2>ZEK\u0130 I\u015eIK; &#8220;HER \u0130\u015e\u0130M\u0130Z E\u015eME \u0130\u00c7\u0130N\u201d<\/h2>\n<p>Se\u00e7im sonras\u0131 bir konu\u015fma yapan Ba\u015fkan Vekili Zeki I\u015f\u0131k; &#8220;Her i\u015fimiz E\u015fme i\u00e7in. \u0130\u015fimiz \u00e7ok zor. E\u015fme i\u00e7in t\u00fcm arkada\u015flar\u0131m\u0131zla kararl\u0131l\u0131kla \u00e7al\u0131\u015fmaya devam edece\u011fiz. Kararlar\u0131 al\u0131rken t\u00fcm arkada\u015flar\u0131m\u0131zla mesai yapaca\u011f\u0131z. Onlar\u0131n g\u00f6r\u00fc\u015flerini alaca\u011f\u0131z. Sivil toplum kurulu\u015flar\u0131n\u0131n, mahalle muhtarlar\u0131n\u0131n g\u00f6r\u00fc\u015flerini alaca\u011f\u0131z. Herkesle ortak bir \u00e7al\u0131\u015fmam\u0131z olacak. Hi\u00e7 kimseyi \u00f6tekile\u015ftirmeden i\u015fimize devam edece\u011fiz. \u0130\u015fimizin a\u011f\u0131rl\u0131\u011f\u0131n\u0131n fark\u0131nday\u0131m&#8221; dedi.<\/p>\n<p><img loading=\"lazy\" decoding=\"async\" alt=\"E\u015fme Belediye Ba\u015fkan Vekili se\u00e7ildi!\" class=\"mx-auto max-w-full h-auto shadow-sm\" height=\"556\" src=\"https:\/\/www.urfahaber.com\/images\/uploads\/2026\/04\/zeki-ara1-69ef5fada5db9.jpg\" width=\"835\" \/><\/p>\n<p>E\u015fme Belediye Ba\u015fkan\u0131 Y\u0131lmaz Tozan, U\u015fak Cumhuriyet Ba\u015fsavc\u0131l\u0131\u011f\u0131 koordinesinde E\u015fme Cumhuriyet Ba\u015fsavc\u0131l\u0131\u011f\u0131nca y\u00fcr\u00fct\u00fclen soru\u015fturma kapsam\u0131nda 17 Nisan g\u00fcn\u00fc \u2018irtikap\u2019 soru\u015fturma kapsam\u0131nda g\u00f6zalt\u0131na al\u0131nm\u0131\u015f, ard\u0131ndan tutuklanm\u0131\u015ft\u0131. Soru\u015fturma \u00e7er\u00e7evesinde toplam 8 ki\u015fi hakk\u0131nda g\u00f6zalt\u0131 karar\u0131 \u00e7\u0131kar\u0131lm\u0131\u015f, 7\u2019si g\u00f6zalt\u0131na al\u0131n\u0131rken, 1 ki\u015finin ise il\u00e7ede ba\u015fka bir soru\u015fturma kapsam\u0131nda tutukland\u0131\u011f\u0131 ve cezaevinde oldu\u011fu \u00f6\u011frenilmi\u015fti. Bunlardan Ba\u015fkan Tozan\u2019\u0131nda aralar\u0131nda bulundu\u011fu 3 ki\u015fi tutuklan\u0131rken, 2\u2019si adli kontrol \u015fart\u0131yla serbest, 2\u2019si ise savc\u0131l\u0131k ifadesinin ard\u0131ndan serbest b\u0131rak\u0131lm\u0131\u015ft\u0131.<\/p>\n<p>\u00d6te yandan, Y\u0131lmaz Tozan\u2019\u0131n tutuklamas\u0131n\u0131n ard\u0131ndan \u0130\u00e7i\u015fleri Bakanl\u0131\u011f\u0131\u2019nca Tozan 22 Nisan 2026 tarihli olur ile g\u00f6revden uzakla\u015ft\u0131r\u0131lm\u0131\u015ft\u0131.<\/p>\n<p>Kaynak: \u0130HA<\/p>\n","protected":false},"excerpt":{"rendered":"<p>E\u015fme Belediye Ba\u015fkan\u0131 Y\u0131lmaz Tozan\u2019\u0131n tutuklu yarg\u0131lanmas\u0131 s\u00fcrerken, E\u015fme Belediyesi Meclisi tek g\u00fcndem maddesiyle ola\u011fan\u00fcst\u00fc&#8230;<\/p>\n","protected":false},"author":1,"featured_media":8545,"comment_status":"closed","ping_status":"open","sticky":false,"template":"","format":"standard","meta":{"footnotes":""},"categories":[1],"tags":[],"class_list":["post-8544","post","type-post","status-publish","format-standard","has-post-thumbnail","hentry","category-gundem"],"_links":{"self":[{"href":"https:\/\/haberadmin.com\/index.php?rest_route=\/wp\/v2\/posts\/8544","targetHints":{"allow":["GET"]}}],"collection":[{"href":"https:\/\/haberadmin.com\/index.php?rest_route=\/wp\/v2\/posts"}],"about":[{"href":"https:\/\/haberadmin.com\/index.php?rest_route=\/wp\/v2\/types\/post"}],"author":[{"embeddable":true,"href":"https:\/\/haberadmin.com\/index.php?rest_route=\/wp\/v2\/users\/1"}],"replies":[{"embeddable":true,"href":"https:\/\/haberadmin.com\/index.php?rest_route=%2Fwp%2Fv2%2Fcomments&post=8544"}],"version-history":[{"count":0,"href":"https:\/\/haberadmin.com\/index.php?rest_route=\/wp\/v2\/posts\/8544\/revisions"}],"wp:featuredmedia":[{"embeddable":true,"href":"https:\/\/haberadmin.com\/index.php?rest_route=\/wp\/v2\/media\/8545"}],"wp:attachment":[{"href":"https:\/\/haberadmin.com\/index.php?rest_route=%2Fwp%2Fv2%2Fmedia&parent=8544"}],"wp:term":[{"taxonomy":"category","embeddable":true,"href":"https:\/\/haberadmin.com\/index.php?rest_route=%2Fwp%2Fv2%2Fcategories&post=8544"},{"taxonomy":"post_tag","embeddable":true,"href":"https:\/\/haberadmin.com\/index.php?rest_route=%2Fwp%2Fv2%2Ftags&post=8544"}],"curies":[{"name":"wp","href":"https:\/\/api.w.org\/{rel}","templated":true}]}}