{"id":8543,"date":"2026-04-27T12:57:00","date_gmt":"2026-04-27T12:57:00","guid":{"rendered":"https:\/\/haberadmin.com\/?p=8543"},"modified":"2026-04-27T12:57:00","modified_gmt":"2026-04-27T12:57:00","slug":"fakibabadan-gazeteci-yetime-cezaevinde-ziyaret","status":"publish","type":"post","link":"https:\/\/haberadmin.com\/?p=8543","title":{"rendered":"Fak\u0131baba&#8217;dan Gazeteci Yetim&#8217;e cezaevinde ziyaret!"},"content":{"rendered":"<p>\u015eanl\u0131urfa eski milletvekili Ahmet E\u015fref Fak\u0131baba, sosyal medya hesab\u0131 \u00fczerinden yapt\u0131\u011f\u0131 payla\u015f\u0131mda, ge\u00e7ti\u011fimiz g\u00fcnlerde tutuklanan Gazeteci Mehmet Yetim\u2019i Siverek Cezaevi\u2019nde ziyaret etti\u011fini a\u00e7\u0131klad\u0131.<\/p>\n<p>Ziyaret sonras\u0131 de\u011ferlendirmede bulunan Fak\u0131baba, Yetim\u2019in moralinin iyi oldu\u011funu ve metanetini korudu\u011funu belirtti. S\u00fcrecin yak\u0131ndan takip edilece\u011fini vurgulayan Fak\u0131baba, gazetecili\u011fin su\u00e7 olmad\u0131\u011f\u0131na inand\u0131klar\u0131n\u0131 ifade etti.<\/p>\n<h2><strong>FAKIBABA&#8217;DAN YET\u0130M&#8217;E Z\u0130YARET<\/strong><\/h2>\n<p>Fak\u0131baba a\u00e7\u0131klamas\u0131nda \u015fu ifadelere yer verdi:<br \/> \u201cYapt\u0131\u011f\u0131 bir haber nedeniyle \u015eanl\u0131urfa Siverek Cezaevi\u2019nde tutuklu bulunan gazeteci Mehmet Yetim\u2019i ziyaret ettim. Morali iyiydi, metanetini koruyordu. T\u00fcm hem\u015fehrilerine, Urfal\u0131lara ve dostlar\u0131na selamlar\u0131 vard\u0131. Ya\u015fanan s\u00fcrecin ve hukuki m\u00fccadelenin takip\u00e7isi olaca\u011f\u0131z. Gazetecili\u011fin su\u00e7 olmad\u0131\u011f\u0131na, adaletin en k\u0131sa s\u00fcrede yerini bulaca\u011f\u0131na inan\u0131yoruz.\u201d<\/p>\n<h2><strong>NELER OLMU\u015eTU?<\/strong><\/h2>\n<p>Gazeteci Mehmet Yetim, 18 Nisan 2026\u2019da Siverek\u2019te bir okulda ya\u015fanan olayla ilgili yapt\u0131\u011f\u0131 haber ve sosyal medya payla\u015f\u0131mlar\u0131nda \u201cyan\u0131lt\u0131c\u0131 bilgi yay\u0131ld\u0131\u011f\u0131\u201d iddias\u0131 \u00fczerine ba\u015flat\u0131lan soru\u015fturma kapsam\u0131nda g\u00f6zalt\u0131na al\u0131nd\u0131.<\/p>\n<p>Yetim, ayn\u0131 g\u00fcn mahkeme taraf\u0131ndan \u201cadli kontrol\u00fcn yetersiz kalaca\u011f\u0131\u201d gerek\u00e7esiyle tutuklanarak Siverek Cezaevi&#8217;ne g\u00f6nderildi.\u00a0<\/p>\n<blockquote class=\"twitter-tweet\">\n<p lang=\"tr\" dir=\"ltr\">Yapt\u0131\u011f\u0131 bir haber nedeniyle \u015eanl\u0131urfa Siverek Cezaevi\u2019nde tutuklu bulunan gazeteci Mehmet Yetim\u2019i ziyaret ettim. Morali iyiydi, metanetini koruyordu. T\u00fcm hem\u015fehrilerine, Urfal\u0131lara ve dostlar\u0131na selamlar\u0131 vard\u0131. Ya\u015fanan s\u00fcrecin ve hukuki m\u00fccadelenin takip\u00e7isi olaca\u011f\u0131z.\u2026 <a href=\"https:\/\/t.co\/z2luLeA7Ca\">pic.twitter.com\/z2luLeA7Ca<\/a><\/p>\n<p>\u2014 Dr. Ahmet E\u015fref FAKIBABA (@aefakibaba) <a href=\"https:\/\/twitter.com\/aefakibaba\/status\/2048731570140250126?ref_src=twsrc%5Etfw\">April 27, 2026<\/a><\/p><\/blockquote>\n<p> <script async src=\"https:\/\/platform.twitter.com\/widgets.js\" charset=\"utf-8\"><\/script><\/p>\n","protected":false},"excerpt":{"rendered":"<p>\u015eanl\u0131urfa eski milletvekili Ahmet E\u015fref Fak\u0131baba, sosyal medya hesab\u0131 \u00fczerinden yapt\u0131\u011f\u0131 payla\u015f\u0131mda, ge\u00e7ti\u011fimiz g\u00fcnlerde tutuklanan&#8230;<\/p>\n","protected":false},"author":1,"featured_media":0,"comment_status":"closed","ping_status":"open","sticky":false,"template":"","format":"standard","meta":{"footnotes":""},"categories":[1],"tags":[],"class_list":["post-8543","post","type-post","status-publish","format-standard","hentry","category-gundem"],"_links":{"self":[{"href":"https:\/\/haberadmin.com\/index.php?rest_route=\/wp\/v2\/posts\/8543","targetHints":{"allow":["GET"]}}],"collection":[{"href":"https:\/\/haberadmin.com\/index.php?rest_route=\/wp\/v2\/posts"}],"about":[{"href":"https:\/\/haberadmin.com\/index.php?rest_route=\/wp\/v2\/types\/post"}],"author":[{"embeddable":true,"href":"https:\/\/haberadmin.com\/index.php?rest_route=\/wp\/v2\/users\/1"}],"replies":[{"embeddable":true,"href":"https:\/\/haberadmin.com\/index.php?rest_route=%2Fwp%2Fv2%2Fcomments&post=8543"}],"version-history":[{"count":0,"href":"https:\/\/haberadmin.com\/index.php?rest_route=\/wp\/v2\/posts\/8543\/revisions"}],"wp:attachment":[{"href":"https:\/\/haberadmin.com\/index.php?rest_route=%2Fwp%2Fv2%2Fmedia&parent=8543"}],"wp:term":[{"taxonomy":"category","embeddable":true,"href":"https:\/\/haberadmin.com\/index.php?rest_route=%2Fwp%2Fv2%2Fcategories&post=8543"},{"taxonomy":"post_tag","embeddable":true,"href":"https:\/\/haberadmin.com\/index.php?rest_route=%2Fwp%2Fv2%2Ftags&post=8543"}],"curies":[{"name":"wp","href":"https:\/\/api.w.org\/{rel}","templated":true}]}}