{"id":8540,"date":"2026-04-27T11:57:06","date_gmt":"2026-04-27T11:57:06","guid":{"rendered":"https:\/\/haberadmin.com\/?p=8540"},"modified":"2026-04-27T11:57:06","modified_gmt":"2026-04-27T11:57:06","slug":"27-nisan-e-muhtirasi-bir-bildiri-bir-secim-bir-donum-noktasi","status":"publish","type":"post","link":"https:\/\/haberadmin.com\/?p=8540","title":{"rendered":"27 Nisan E-Muht\u0131ras\u0131! Bir bildiri, bir se\u00e7im, bir d\u00f6n\u00fcm noktas\u0131&#8230;"},"content":{"rendered":"<p>Cumhurba\u015fkanl\u0131\u011f\u0131 se\u00e7im s\u00fcrecinde laiklik vurgusuyla dikkat \u00e7eken a\u00e7\u0131klama, o d\u00f6nemin h\u00fck\u00fcmeti taraf\u0131ndan \u201cmuht\u0131ra\u201d olarak nitelendirilmi\u015f ve T\u00fcrk demokrasisinde \u00f6nemli bir k\u0131r\u0131lma noktas\u0131 olarak tarihe ge\u00e7ti.<\/p>\n<p>2007 Cumhurba\u015fkanl\u0131\u011f\u0131 se\u00e7imleri \u00f6ncesinde AK Parti taraf\u0131ndan Abdullah G\u00fcl\u2019\u00fcn aday g\u00f6sterilmesi, laiklik tart\u0131\u015fmalar\u0131n\u0131 alevlendirmi\u015fti.<\/p>\n<p>Genelkurmay\u2019\u0131n gece yar\u0131s\u0131na yak\u0131n yay\u0131mlad\u0131\u011f\u0131 bildiride \u015fu ifadeler yer ald\u0131: \u201cCumhurba\u015fkanl\u0131\u011f\u0131 se\u00e7imi s\u00fcrecinde \u00f6ne \u00e7\u0131kan sorun, laikli\u011fin tart\u0131\u015f\u0131lmas\u0131\u00a0 konusuna odaklanm\u0131\u015f durumdad\u0131r. Bu durum, T\u00fcrk Silahl\u0131 Kuvvetleri taraf\u0131ndan endi\u015fe ile izlenmektedir. Unutulmamal\u0131d\u0131r ki, T\u00fcrk Silahl\u0131 Kuvvetleri bu tart\u0131\u015fmalarda taraft\u0131r ve\u00a0laikli\u011fin kesin savunucusudur. Ayr\u0131ca, T\u00fcrk Silahl\u0131 Kuvvetleri yap\u0131lmakta olan tart\u0131\u015fmalar\u0131n\u00a0 ve olumsuz y\u00f6ndeki yorumlar\u0131n kesin olarak kar\u015f\u0131s\u0131ndad\u0131r, gerekti\u011finde tavr\u0131n\u0131 ve\u00a0davran\u0131\u015flar\u0131n\u0131 a\u00e7\u0131k ve net bir \u015fekilde ortaya koyacakt\u0131r. Bundan kimsenin \u015f\u00fcphesinin\u00a0olmamas\u0131 gerekir. T\u00fcrk Silahl\u0131 Kuvvetleri, bu niteliklerin korunmas\u0131 i\u00e7in kendisine kanunlarla verilmi\u015f olan a\u00e7\u0131k g\u00f6revleri eksiksiz yerine getirme konusundaki sars\u0131lmaz kararl\u0131l\u0131\u011f\u0131n\u0131 muhafaza etmektedir ve\u00a0bu kararl\u0131l\u0131\u011fa olan ba\u011fl\u0131l\u0131\u011f\u0131 ile inanc\u0131 kesindir.&#8221;<\/p>\n<p>Bildirinin internet \u00fczerinden yap\u0131lmas\u0131 nedeniyle \u201ce-Muht\u0131ra\u201d ad\u0131n\u0131 alan metin, o gece kamuoyunda b\u00fcy\u00fck yank\u0131 uyand\u0131rd\u0131.<\/p>\n<h2>MUHTIRAYI K\u0130M YAZDI?<\/h2>\n<p>D\u00f6nemin Genelkurmay Ba\u015fkan\u0131 Ya\u015far B\u00fcy\u00fckan\u0131t\u2019\u0131n daha sonra kat\u0131ld\u0131\u011f\u0131 bir televizyon program\u0131nda \u201cKendisi taraf\u0131ndan yaz\u0131ld\u0131\u011f\u0131n\u0131\u201d belirtti\u011fi bildiri, 367 kriziyle birlikte Meclis\u2019teki Cumhurba\u015fkanl\u0131\u011f\u0131 oylamas\u0131n\u0131 da etkilemi\u015fti.<\/p>\n<p>Anayasa Mahkemesi\u2019nin iptal karar\u0131 sonras\u0131 s\u00fcre\u00e7, 22 Temmuz 2007\u2019de erken genel se\u00e7ime yol a\u00e7t\u0131. Se\u00e7imde AK Parti oylar\u0131n y\u00fczde 46,6\u2019s\u0131n\u0131 alarak tek ba\u015f\u0131na iktidar\u0131n\u0131 g\u00fc\u00e7lendirdi ve Abdullah G\u00fcl, 11. Cumhurba\u015fkan\u0131 se\u00e7ildi.<\/p>\n<p>E-Muht\u0131ra, vesayet\u00e7i anlay\u0131\u015f\u0131n son \u00f6rneklerinden biri olarak s\u0131k\u00e7a tart\u0131\u015f\u0131lan bildiri, 29 A\u011fustos 2011\u2019de Genelkurmay\u2019\u0131n sitesinden kald\u0131r\u0131ld\u0131.<\/p>\n<h2>S\u0130YAS\u0130LER\u0130N MESAJLARI<\/h2>\n<p><strong>AK Parti Genel Ba\u015fkan Yard\u0131mc\u0131s\u0131 \u00d6mer \u00c7elik, <\/strong>\u015fu ifadeleri kulland\u0131:\u00a0\u201cMuht\u0131ra, T\u00fcrkiye&#8217;de demokratik hayat\u0131 son derece zehirleyen, tahrip eden, berhava eden, i\u015flevsiz k\u0131lan k\u00f6t\u00fc bir gelene\u011fin \u00f6nemli enstr\u00fcmanlar\u0131ndan maalesef bir tanesiydi. Buna kar\u015f\u0131 da Cumhuriyet tarihi boyunca hi\u00e7bir h\u00fck\u00fcmet direnemedi.<\/p>\n<p>27 Nisan&#8217;\u0131n \u00f6nemi nedir? \u0130lk defa Cumhuriyet tarihinde bir Ba\u015fbakan, Say\u0131n Cumhurba\u015fkan\u0131m\u0131z ve AK Parti h\u00fck\u00fcmeti bu muht\u0131raya direnmi\u015ftir. Buna asl\u0131nda muht\u0131ra da dememek laz\u0131m. \u00c7\u00fcnk\u00fc bir muht\u0131ra vermek istediler. H\u00fck\u00fcmet direnince o, ka\u011f\u0131t par\u00e7as\u0131 oldu. Yani bu, hesap edilmemi\u015f bir \u015feydi ve T\u00fcrk siyasi hayat\u0131nda bir ilkti.\u201d<\/p>\n<p><strong>Cumhurba\u015fkanl\u0131\u011f\u0131 \u0130leti\u015fim Ba\u015fkan\u0131 Burhanettin Duran, <\/strong>\u015fu ifadelerikulland\u0131: \u201c27 Nisan e-muht\u0131ras\u0131n\u0131n \u00fczerinden 19 y\u0131l ge\u00e7ti. Bu giri\u015fim, do\u011frudan millet iradesini hedef alan, demokratik me\u015fruiyeti yok sayan bir vesayet te\u015febb\u00fcs\u00fc olarak tarihe kara bir leke olarak ge\u00e7mi\u015ftir.<\/p>\n<p>O gece verilen cevap netti: T\u00fcrkiye, art\u0131k vesayet odaklar\u0131n\u0131n hizaya sokabilece\u011fi bir \u00fclke de\u011fildir. Cumhurba\u015fkan\u0131m\u0131z Say\u0131n Recep Tayyip Erdo\u011fan\u2019\u0131n ortaya koydu\u011fu kararl\u0131 ve onurlu duru\u015f, yaln\u0131zca bir siyasi refleks de\u011fil; devlet ile millet aras\u0131ndaki ba\u011f\u0131n sars\u0131lmazl\u0131\u011f\u0131n\u0131n a\u00e7\u0131k bir ilan\u0131d\u0131r.\u201d<\/p>\n<p><strong>AK Parti Genel Ba\u015fkan Vekili Efkan Ala,\u00a0<\/strong>\u015fu ifadelerikulland\u0131:<strong>\u00a0<\/strong>\u201c27 Nisan muht\u0131ras\u0131na kar\u015f\u0131 Say\u0131n Recep Tayyip Erdo\u011fan liderli\u011findeki h\u00fck\u00fcmet taraf\u0131ndan g\u00f6sterilen demokratik tepki siyasi tarihimizde yeni bir d\u00f6nemi ba\u015flatm\u0131\u015ft\u0131r.<\/p>\n<p>Bu kararl\u0131 ve dirayetli duru\u015fla muht\u0131ra tarihin \u00e7\u00f6pl\u00fc\u011f\u00fcne at\u0131lm\u0131\u015f, Millet iradesi Devlet idaresine hakim olmu\u015ftur.<\/p>\n<p>Bug\u00fcn \u00fclke i\u00e7inde ve \u00fclke d\u0131\u015f\u0131nda elde etti\u011fimiz b\u00fcy\u00fck ba\u015far\u0131lar\u0131n alt\u0131nda o g\u00fcn ortaya konulan bu g\u00fc\u00e7l\u00fc irade yatmaktad\u0131r.\u201d<\/p>\n<p>\u00a0<\/p>\n<p>\u00a0<\/p>\n<p>\u00a0<\/p>\n","protected":false},"excerpt":{"rendered":"<p>Cumhurba\u015fkanl\u0131\u011f\u0131 se\u00e7im s\u00fcrecinde laiklik vurgusuyla dikkat \u00e7eken a\u00e7\u0131klama, o d\u00f6nemin h\u00fck\u00fcmeti taraf\u0131ndan \u201cmuht\u0131ra\u201d olarak nitelendirilmi\u015f&#8230;<\/p>\n","protected":false},"author":1,"featured_media":0,"comment_status":"closed","ping_status":"open","sticky":false,"template":"","format":"standard","meta":{"footnotes":""},"categories":[1],"tags":[],"class_list":["post-8540","post","type-post","status-publish","format-standard","hentry","category-gundem"],"_links":{"self":[{"href":"https:\/\/haberadmin.com\/index.php?rest_route=\/wp\/v2\/posts\/8540","targetHints":{"allow":["GET"]}}],"collection":[{"href":"https:\/\/haberadmin.com\/index.php?rest_route=\/wp\/v2\/posts"}],"about":[{"href":"https:\/\/haberadmin.com\/index.php?rest_route=\/wp\/v2\/types\/post"}],"author":[{"embeddable":true,"href":"https:\/\/haberadmin.com\/index.php?rest_route=\/wp\/v2\/users\/1"}],"replies":[{"embeddable":true,"href":"https:\/\/haberadmin.com\/index.php?rest_route=%2Fwp%2Fv2%2Fcomments&post=8540"}],"version-history":[{"count":0,"href":"https:\/\/haberadmin.com\/index.php?rest_route=\/wp\/v2\/posts\/8540\/revisions"}],"wp:attachment":[{"href":"https:\/\/haberadmin.com\/index.php?rest_route=%2Fwp%2Fv2%2Fmedia&parent=8540"}],"wp:term":[{"taxonomy":"category","embeddable":true,"href":"https:\/\/haberadmin.com\/index.php?rest_route=%2Fwp%2Fv2%2Fcategories&post=8540"},{"taxonomy":"post_tag","embeddable":true,"href":"https:\/\/haberadmin.com\/index.php?rest_route=%2Fwp%2Fv2%2Ftags&post=8540"}],"curies":[{"name":"wp","href":"https:\/\/api.w.org\/{rel}","templated":true}]}}