{"id":8524,"date":"2026-04-27T07:20:28","date_gmt":"2026-04-27T07:20:28","guid":{"rendered":"https:\/\/haberadmin.com\/?p=8524"},"modified":"2026-04-27T07:20:28","modified_gmt":"2026-04-27T07:20:28","slug":"cocukluk-arkadasina-guvendi-hayati-karardi","status":"publish","type":"post","link":"https:\/\/haberadmin.com\/?p=8524","title":{"rendered":"\u00c7ocukluk arkada\u015f\u0131na g\u00fcvendi! Hayat\u0131 karard\u0131!"},"content":{"rendered":"<p>Adana&#8217;da ya\u015fayan 2 \u00e7ocuk babas\u0131 Yasin \u00d6rsdemir, 2020 y\u0131l\u0131nda \u00e7ocukluk arkada\u015f\u0131 S.T.&#8217;nin, &#8220;Bize hesap laz\u0131m, sana da para verece\u011fiz&#8221; demesi \u00fczerine g\u00fcvenip IBAN&#8217;\u0131n\u0131 verdi. 1 ay sonra bankadan aranan \u00d6rsdemir, &#8220;Hesab\u0131n\u0131z doland\u0131r\u0131c\u0131l\u0131k faaliyetlerinde kullan\u0131l\u0131yor&#8221; denmesi \u00fczerine hesab\u0131n\u0131 kapatt\u0131rd\u0131. Bir s\u00fcre sonra da \u00d6rsdemir hakk\u0131nda evine doland\u0131r\u0131c\u0131l\u0131ktan mahkeme evraklar\u0131 gelmeye ba\u015flad\u0131.<\/p>\n<p>Aradan ge\u00e7en s\u00fcre\u00e7te hakk\u0131nda 70 dava a\u00e7\u0131lan Yasin \u00d6rsdemir, bu davalar\u0131n 52&#8217;sini kapatt\u0131 ancak hakk\u0131ndaki 18 davan\u0131n yarg\u0131 s\u00fcreci devam ediyor. Bu s\u00fcre\u00e7te 3 kere cezaevine de giren \u00d6rsdemir, \u015fimdi yeniden cezaevine girmemek i\u00e7in m\u00fccadele ediyor.<\/p>\n<h2>&#8220;H\u0130\u00c7 \u015e\u00dcPHELENMED\u0130M, HEPS\u0130N\u0130 TESL\u0130M ETT\u0130M&#8221;<\/h2>\n<p>\u00c7ocukluk arkada\u015f\u0131na g\u00fcvendi\u011fi i\u00e7in ba\u015f\u0131na gelmeyen kalmad\u0131\u011f\u0131n\u0131 belirten \u00d6rsdemir, &#8220;\u00c7ocukluk arkada\u015f\u0131m oldu\u011fu i\u00e7in g\u00fcvendim. Bana hesap ve kartlar\u0131m\u0131 vermemi istedi. Hi\u00e7 \u015f\u00fcphelenmedim, hepsini teslim ettim. Sonras\u0131nda benim ad\u0131ma T\u00fcrkiye genelinde doland\u0131r\u0131c\u0131l\u0131k yap\u0131lm\u0131\u015f. 52 dosya a\u00e7\u0131ld\u0131 ve kapand\u0131, \u015fu an 18 dosyam halen devam ediyor. Toplamda 3 kez cezaevine girdim, 1 y\u0131l yatt\u0131m. \u00d6zel bir \u015firkette \u00e7al\u0131\u015f\u0131yordum, i\u015fimden oldum. Hem kendi arac\u0131m\u0131 hem de babam\u0131n arac\u0131n\u0131 satmak zorunda kald\u0131k&#8221; dedi.<\/p>\n<p><img loading=\"lazy\" decoding=\"async\" alt=\"\u00c7ocukluk arkada\u015f\u0131na g\u00fcvendi! Hayat\u0131 karard\u0131!\" class=\"mx-auto max-w-full h-auto shadow-sm\" height=\"564\" src=\"https:\/\/www.urfahaber.com\/images\/uploads\/2026\/04\/siverek-69ef0e2f793a0.jpg\" width=\"847\" \/><\/p>\n<h2>&#8220;6 YILDIR BU DURUMLA U\u011eRA\u015eIYORUM&#8221;<\/h2>\n<p>Baz\u0131 dosyalardan beraat etti\u011fini ancak baz\u0131 dosyalarda ceza ald\u0131\u011f\u0131n\u0131 dile getiren \u00d6rsdemir, &#8220;Mahkemelerde bilirki\u015fi raporlar\u0131nda bile olay\u0131n i\u00e7inde olmad\u0131\u011f\u0131m, para \u00e7ekmedi\u011fim, kimseyle g\u00f6r\u00fc\u015fmedi\u011fim a\u00e7\u0131k\u00e7a yaz\u0131yor. Buna ra\u011fmen ceza al\u0131yorum. 6 y\u0131ld\u0131r bu durumla u\u011fra\u015f\u0131yorum. \u00c7al\u0131\u015fam\u0131yorum, i\u015f bulam\u0131yorum. Sab\u0131kam oldu\u011fu i\u00e7in kimse i\u015fe alm\u0131yor&#8221; ifadelerini kulland\u0131.<\/p>\n<h2>&#8220;2 \u00c7OCU\u011eUM VAR, \u00c7OK ZOR DURUMDAYIZ&#8221;<\/h2>\n<p>Kendisini bu s\u00fcrece s\u00fcr\u00fckleyen arkada\u015f\u0131n\u0131n yurt d\u0131\u015f\u0131na ka\u00e7t\u0131\u011f\u0131n\u0131 \u00f6ne s\u00fcren Yasin \u00d6rsdemir, &#8220;\u015eu an yurt d\u0131\u015f\u0131nda hayat\u0131n\u0131 ya\u015f\u0131yor. Sadece benden de\u011fil, bir\u00e7ok ki\u015fiden hesap alm\u0131\u015f. Mahkemede herkes ayn\u0131 ki\u015fiyi s\u00f6yl\u00fcyor. Ma\u011fdur biz olduk. \u015eu ana kadar yakla\u015f\u0131k 500 bin lira bor\u00e7 \u00f6dedik, 250 bin lira borcumuz kald\u0131. \u00c7al\u0131\u015fabilsem zararlar\u0131 kar\u015f\u0131lamaya devam edece\u011fim ama sab\u0131kadan dolay\u0131 i\u015f bulam\u0131yorum. S\u00fcrekli cezaevine girip \u00e7\u0131k\u0131yorum. 2 \u00e7ocu\u011fum var, \u00e7ok zor durumday\u0131z&#8221; dedi.<\/p>\n<p><img loading=\"lazy\" decoding=\"async\" alt=\"\u00c7ocukluk arkada\u015f\u0131na g\u00fcvendi! Hayat\u0131 karard\u0131!\" class=\"mx-auto max-w-full h-auto shadow-sm\" height=\"556\" src=\"https:\/\/www.urfahaber.com\/images\/uploads\/2026\/04\/cocuk-ara2-69ef0e3c5f2df.jpg\" width=\"834\" \/><\/p>\n<h2>&#8220;BEN YA\u015eADIM, \u00c7OK A\u011eIR SONU\u00c7LARI OLUYOR&#8221;<\/h2>\n<p>Vatanda\u015flara da uyar\u0131da bulunan \u00d6rsdemir, kimseye IBAN verilmemesi gerekti\u011fini s\u00f6yleyerek, &#8220;Kimse kimseye g\u00fcvenip IBAN ya da kart vermesin. En yak\u0131n\u0131n\u0131z bile olsa vermeyin. &#8216;K\u00fc\u00e7\u00fck bir para ataca\u011f\u0131m&#8217; deseler bile inanmay\u0131n. Ben ya\u015fad\u0131m, \u00e7ok a\u011f\u0131r sonu\u00e7lar\u0131 oluyor. Bilseydim asla vermezdim, kand\u0131r\u0131ld\u0131m. Ben de ma\u011fdurum&#8221; dedi.<\/p>\n<p>Cezaevinde benzer durumlar\u0131 ya\u015fayan \u00e7ok say\u0131da ki\u015fiyle kar\u015f\u0131la\u015ft\u0131\u011f\u0131n\u0131 da anlatan Yasin \u00d6rsdemir, &#8220;Orada g\u00f6rd\u00fc\u011f\u00fcm insanlar\u0131n \u00e7o\u011fu ayn\u0131 \u015fekilde kand\u0131r\u0131lm\u0131\u015f. Ya\u015fl\u0131s\u0131 var, genci var. Herkesi bir tan\u0131d\u0131\u011f\u0131 bu i\u015fe s\u00fcr\u00fcklemi\u015f. Ben de bir arkada\u015f kurban\u0131y\u0131m&#8221; diye konu\u015ftu.<\/p>\n<p>Kaynak: \u0130HA<\/p>\n","protected":false},"excerpt":{"rendered":"<p>Adana&#8217;da ya\u015fayan 2 \u00e7ocuk babas\u0131 Yasin \u00d6rsdemir, 2020 y\u0131l\u0131nda \u00e7ocukluk arkada\u015f\u0131 S.T.&#8217;nin, &#8220;Bize hesap laz\u0131m,&#8230;<\/p>\n","protected":false},"author":1,"featured_media":8525,"comment_status":"closed","ping_status":"open","sticky":false,"template":"","format":"standard","meta":{"footnotes":""},"categories":[1],"tags":[],"class_list":["post-8524","post","type-post","status-publish","format-standard","has-post-thumbnail","hentry","category-gundem"],"_links":{"self":[{"href":"https:\/\/haberadmin.com\/index.php?rest_route=\/wp\/v2\/posts\/8524","targetHints":{"allow":["GET"]}}],"collection":[{"href":"https:\/\/haberadmin.com\/index.php?rest_route=\/wp\/v2\/posts"}],"about":[{"href":"https:\/\/haberadmin.com\/index.php?rest_route=\/wp\/v2\/types\/post"}],"author":[{"embeddable":true,"href":"https:\/\/haberadmin.com\/index.php?rest_route=\/wp\/v2\/users\/1"}],"replies":[{"embeddable":true,"href":"https:\/\/haberadmin.com\/index.php?rest_route=%2Fwp%2Fv2%2Fcomments&post=8524"}],"version-history":[{"count":0,"href":"https:\/\/haberadmin.com\/index.php?rest_route=\/wp\/v2\/posts\/8524\/revisions"}],"wp:featuredmedia":[{"embeddable":true,"href":"https:\/\/haberadmin.com\/index.php?rest_route=\/wp\/v2\/media\/8525"}],"wp:attachment":[{"href":"https:\/\/haberadmin.com\/index.php?rest_route=%2Fwp%2Fv2%2Fmedia&parent=8524"}],"wp:term":[{"taxonomy":"category","embeddable":true,"href":"https:\/\/haberadmin.com\/index.php?rest_route=%2Fwp%2Fv2%2Fcategories&post=8524"},{"taxonomy":"post_tag","embeddable":true,"href":"https:\/\/haberadmin.com\/index.php?rest_route=%2Fwp%2Fv2%2Ftags&post=8524"}],"curies":[{"name":"wp","href":"https:\/\/api.w.org\/{rel}","templated":true}]}}