{"id":8518,"date":"2026-04-27T07:01:49","date_gmt":"2026-04-27T07:01:49","guid":{"rendered":"https:\/\/haberadmin.com\/?p=8518"},"modified":"2026-04-27T07:01:49","modified_gmt":"2026-04-27T07:01:49","slug":"gunesin-cocuklari-1-lige-yukseldi-gulpinardan-destek","status":"publish","type":"post","link":"https:\/\/haberadmin.com\/?p=8518","title":{"rendered":"G\u00fcne\u015fin \u00c7ocuklar\u0131 1. Lig\u2019e y\u00fckseldi! G\u00fclp\u0131nar&#8217;dan destek!"},"content":{"rendered":"<p>G\u00fcne\u015fin \u00c7ocuklar\u0131 Spor Kul\u00fcb\u00fc,\u00a02. Lig D\u00f6rtl\u00fc Finali\u2019nde oynanan kar\u015f\u0131la\u015fmalar sonucunda grubunu ikinci s\u0131rada tamamlayarak, 1. Lig bileti ald\u0131.<\/p>\n<p>Kritik m\u00fccadelede Eski\u015fehir Hentbol SK\u2019y\u0131 30-29 ma\u011flup eden G\u00fcne\u015fin \u00c7ocuklar\u0131, ad\u0131n\u0131 bir \u00fcst lige yazd\u0131rd\u0131.<\/p>\n<p><img loading=\"lazy\" decoding=\"async\" alt=\"G\u00fcne\u015fin \u00c7ocuklar\u0131 1. Lig\u2019e y\u00fckseldi! G\u00fclp\u0131nar'dan destek!\" class=\"mx-auto max-w-full h-auto shadow-sm\" height=\"716\" src=\"https:\/\/www.urfahaber.com\/images\/uploads\/2026\/04\/haber-69ef0a0b6e1ce.jpeg\" width=\"1200\" \/>T\u00fcrkiye Hentbol Federasyonu Prof. Dr. Ya\u015far Sevim Spor Salonu\u2019nda d\u00fczenlenen organizasyonda elde edilen bu ba\u015far\u0131, \u015eanl\u0131urfa spor camias\u0131nda b\u00fcy\u00fck sevin\u00e7 yaratt\u0131. Azim, inan\u00e7 ve eme\u011fin birle\u015fimiyle gelen y\u00fckseli\u015f, kentin spor altyap\u0131s\u0131n\u0131n geldi\u011fi noktay\u0131 bir kez daha g\u00f6zler \u00f6n\u00fcne serdi.<\/p>\n<h2><img loading=\"lazy\" decoding=\"async\" alt=\"G\u00fcne\u015fin \u00c7ocuklar\u0131 1. Lig\u2019e y\u00fckseldi! G\u00fclp\u0131nar'dan destek!\" class=\"mx-auto max-w-full h-auto shadow-sm\" height=\"552\" src=\"https:\/\/www.urfahaber.com\/images\/uploads\/2026\/04\/kadin-69ef0a22ab75f.jpeg\" width=\"827\" \/><strong>G\u00dcLPINAR YALNIZ BIRAKMADI<\/strong><\/h2>\n<p>\u015eampiyonluk sevincinde tak\u0131m\u0131 Ankara\u2019da yaln\u0131z b\u0131rakmayan \u015eanl\u0131urfa B\u00fcy\u00fck\u015fehir Belediye Ba\u015fkan\u0131 Mehmet Kas\u0131m G\u00fclp\u0131nar da sporcular\u0131n heyecan\u0131na ortak oldu.<\/p>\n<p>G\u00fclp\u0131nar, elde edilen ba\u015far\u0131dan dolay\u0131 tak\u0131m oyuncular\u0131n\u0131 ve teknik heyeti tebrik ederek, 1. Lig\u2019de ba\u015far\u0131lar diledi.<\/p>\n<p><img loading=\"lazy\" decoding=\"async\" alt=\"G\u00fcne\u015fin \u00c7ocuklar\u0131 1. Lig\u2019e y\u00fckseldi! G\u00fclp\u0131nar'dan destek!\" class=\"mx-auto max-w-full h-auto shadow-sm\" height=\"900\" src=\"https:\/\/www.urfahaber.com\/images\/uploads\/2026\/04\/mac-69ef0a30c14a0.jpeg\" width=\"1200\" \/>Tak\u0131m antren\u00f6r\u00fc Bayram Kaplan ve sporcular ise kendilerine verilen destekten dolay\u0131 G\u00fclp\u0131nar\u2019a te\u015fekk\u00fcr etti.<\/p>\n<p>Toprak sahalardan ba\u015flay\u0131p 1. Lig\u2019e uzanan bu ba\u015far\u0131 hikayesi, \u015eanl\u0131urfa\u2019n\u0131n spordaki azmini ve potansiyelini bir kez daha ortaya koydu.<\/p>\n","protected":false},"excerpt":{"rendered":"<p>G\u00fcne\u015fin \u00c7ocuklar\u0131 Spor Kul\u00fcb\u00fc,\u00a02. Lig D\u00f6rtl\u00fc Finali\u2019nde oynanan kar\u015f\u0131la\u015fmalar sonucunda grubunu ikinci s\u0131rada tamamlayarak, 1&#8230;.<\/p>\n","protected":false},"author":1,"featured_media":8519,"comment_status":"closed","ping_status":"open","sticky":false,"template":"","format":"standard","meta":{"footnotes":""},"categories":[1],"tags":[],"class_list":["post-8518","post","type-post","status-publish","format-standard","has-post-thumbnail","hentry","category-gundem"],"_links":{"self":[{"href":"https:\/\/haberadmin.com\/index.php?rest_route=\/wp\/v2\/posts\/8518","targetHints":{"allow":["GET"]}}],"collection":[{"href":"https:\/\/haberadmin.com\/index.php?rest_route=\/wp\/v2\/posts"}],"about":[{"href":"https:\/\/haberadmin.com\/index.php?rest_route=\/wp\/v2\/types\/post"}],"author":[{"embeddable":true,"href":"https:\/\/haberadmin.com\/index.php?rest_route=\/wp\/v2\/users\/1"}],"replies":[{"embeddable":true,"href":"https:\/\/haberadmin.com\/index.php?rest_route=%2Fwp%2Fv2%2Fcomments&post=8518"}],"version-history":[{"count":0,"href":"https:\/\/haberadmin.com\/index.php?rest_route=\/wp\/v2\/posts\/8518\/revisions"}],"wp:featuredmedia":[{"embeddable":true,"href":"https:\/\/haberadmin.com\/index.php?rest_route=\/wp\/v2\/media\/8519"}],"wp:attachment":[{"href":"https:\/\/haberadmin.com\/index.php?rest_route=%2Fwp%2Fv2%2Fmedia&parent=8518"}],"wp:term":[{"taxonomy":"category","embeddable":true,"href":"https:\/\/haberadmin.com\/index.php?rest_route=%2Fwp%2Fv2%2Fcategories&post=8518"},{"taxonomy":"post_tag","embeddable":true,"href":"https:\/\/haberadmin.com\/index.php?rest_route=%2Fwp%2Fv2%2Ftags&post=8518"}],"curies":[{"name":"wp","href":"https:\/\/api.w.org\/{rel}","templated":true}]}}