{"id":8513,"date":"2026-04-27T06:33:18","date_gmt":"2026-04-27T06:33:18","guid":{"rendered":"https:\/\/haberadmin.com\/?p=8513"},"modified":"2026-04-27T06:33:18","modified_gmt":"2026-04-27T06:33:18","slug":"urfa-dahil-9-il-icin-dev-tesvik","status":"publish","type":"post","link":"https:\/\/haberadmin.com\/?p=8513","title":{"rendered":"Urfa dahil 9 il i\u00e7in dev te\u015fvik!"},"content":{"rendered":"<p>Yerel Kalk\u0131nma Hamlesi Te\u015fvik Program\u0131 kapsam\u0131nda b\u00f6lgedeki \u015fehirlere, sanayi girdileri, hayvanc\u0131l\u0131k yat\u0131r\u0131mlar\u0131, lisansl\u0131 depoculuk projeleri, bal ve ar\u0131 \u00fcr\u00fcnleri \u00fcretimi gibi bir\u00e7ok alanda hayata ge\u00e7irilecek yat\u0131r\u0131mlara, te\u015fvik deste\u011fi verilecek.<\/p>\n<h2>HANG\u0130 \u0130LLER KAPSAMDA?<\/h2>\n<p>Te\u015fvik kapsam\u0131na al\u0131nan \u015fehirler Gaziantep, \u015eanl\u0131urfa, Mardin, Diyarbak\u0131r, Ad\u0131yaman, Siirt, Kilis, \u015e\u0131rnak, Batman.\u00a0 Her il i\u00e7in \u00f6ncelikli sekt\u00f6rler ve yat\u0131r\u0131m alanlar\u0131 belirlendi.<\/p>\n<p>Gaziantep i\u00e7in ambalaj \u00fcretimi, y\u00fcksek nitelikli sanayi \u00fcr\u00fcnleri, makine \u00fcretimi ve teknik tekstil yat\u0131r\u0131mlar\u0131,<\/p>\n<p>\u015eanl\u0131urfa i\u00e7in pamuk \u00fcr\u00fcnlerinden katma de\u011ferli \u00fcretim, tar\u0131m makineleri ve par\u00e7alar\u0131 \u00fcretimi,<\/p>\n<p>Mardin i\u00e7in \u00fcz\u00fcm ve yan \u00fcr\u00fcnlerinden katma de\u011ferli \u00fcretim,<\/p>\n<p>Diyarbak\u0131r i\u00e7in katma de\u011ferli al\u00fcminyum \u00fcr\u00fcnler, tekstil yan sanayi \u00fcr\u00fcnleri,<\/p>\n<p>Ad\u0131yaman i\u00e7in entegre et ve s\u00fct hayvanc\u0131l\u0131\u011f\u0131 yat\u0131r\u0131mlar\u0131,<\/p>\n<p>Siirt i\u00e7in bal ve ar\u0131 \u00fcr\u00fcnleri \u00fcretimi,<\/p>\n<p>Kilis i\u00e7in et ve s\u00fct hayvanc\u0131l\u0131\u011f\u0131 yat\u0131r\u0131mlar\u0131,<\/p>\n<p>\u015e\u0131rnak i\u00e7in mobilya \u00fcretimi ve yer f\u0131st\u0131\u011f\u0131 i\u015fleme tesisleri yat\u0131r\u0131mlar\u0131,<\/p>\n<p>Batman, Sebze ve meyve i\u015fleme, kurutma ve paketlenmi\u015f g\u0131da \u00fcretimi, te\u015fvikleri \u00f6ne \u00e7\u0131k\u0131yor.<\/p>\n<h2>DESTEKLER NELER?<\/h2>\n<p>Yerel Kalk\u0131nma Hamlesi Te\u015fvik Program\u0131 ile belirlenen alanlardaki yat\u0131r\u0131mlara destek verilecek. Program kapsam\u0131nda, vergi indirimi, sigorta primi deste\u011fi, faiz veya kar pay\u0131 katk\u0131s\u0131, yat\u0131r\u0131m yeri tahsisi ve gelir vergisi muafiyeti gibi kalemlerde destekler verilecek. Yat\u0131r\u0131m program\u0131 kapsam\u0131nda Yap\u0131lacak her yat\u0131r\u0131m i\u00e7in 301 milyon liraya kadar nakdi destek ve yat\u0131r\u0131m\u0131n y\u00fczde 50&#8217;si kadar vergi indirimi sa\u011flanmas\u0131 \u00f6ng\u00f6r\u00fcl\u00fcyor.<\/p>\n","protected":false},"excerpt":{"rendered":"<p>Yerel Kalk\u0131nma Hamlesi Te\u015fvik Program\u0131 kapsam\u0131nda b\u00f6lgedeki \u015fehirlere, sanayi girdileri, hayvanc\u0131l\u0131k yat\u0131r\u0131mlar\u0131, lisansl\u0131 depoculuk projeleri,&#8230;<\/p>\n","protected":false},"author":1,"featured_media":0,"comment_status":"closed","ping_status":"open","sticky":false,"template":"","format":"standard","meta":{"footnotes":""},"categories":[1],"tags":[],"class_list":["post-8513","post","type-post","status-publish","format-standard","hentry","category-gundem"],"_links":{"self":[{"href":"https:\/\/haberadmin.com\/index.php?rest_route=\/wp\/v2\/posts\/8513","targetHints":{"allow":["GET"]}}],"collection":[{"href":"https:\/\/haberadmin.com\/index.php?rest_route=\/wp\/v2\/posts"}],"about":[{"href":"https:\/\/haberadmin.com\/index.php?rest_route=\/wp\/v2\/types\/post"}],"author":[{"embeddable":true,"href":"https:\/\/haberadmin.com\/index.php?rest_route=\/wp\/v2\/users\/1"}],"replies":[{"embeddable":true,"href":"https:\/\/haberadmin.com\/index.php?rest_route=%2Fwp%2Fv2%2Fcomments&post=8513"}],"version-history":[{"count":0,"href":"https:\/\/haberadmin.com\/index.php?rest_route=\/wp\/v2\/posts\/8513\/revisions"}],"wp:attachment":[{"href":"https:\/\/haberadmin.com\/index.php?rest_route=%2Fwp%2Fv2%2Fmedia&parent=8513"}],"wp:term":[{"taxonomy":"category","embeddable":true,"href":"https:\/\/haberadmin.com\/index.php?rest_route=%2Fwp%2Fv2%2Fcategories&post=8513"},{"taxonomy":"post_tag","embeddable":true,"href":"https:\/\/haberadmin.com\/index.php?rest_route=%2Fwp%2Fv2%2Ftags&post=8513"}],"curies":[{"name":"wp","href":"https:\/\/api.w.org\/{rel}","templated":true}]}}