{"id":8492,"date":"2026-04-26T12:41:04","date_gmt":"2026-04-26T12:41:04","guid":{"rendered":"https:\/\/haberadmin.com\/?p=8492"},"modified":"2026-04-26T12:41:04","modified_gmt":"2026-04-26T12:41:04","slug":"fakibaba-siverekteki-okul-saldirisinda-yaralanan-ogrencileri-ziyaret-etti","status":"publish","type":"post","link":"https:\/\/haberadmin.com\/?p=8492","title":{"rendered":"Fak\u0131baba, Siverek\u2019teki okul sald\u0131r\u0131s\u0131nda yaralanan \u00f6\u011frencileri ziyaret etti"},"content":{"rendered":"<p>\u015eanl\u0131urfa\u2019n\u0131n Siverek il\u00e7esinde 14 Nisan 2026 tarihinde Ahmet Koyuncu Mesleki ve Teknik Anadolu Lisesi\u2019nde meydana gelen silahl\u0131 sald\u0131r\u0131da yaralanan \u00f6\u011frencilerden baz\u0131lar\u0131, \u015eanl\u0131urfa Mehmet Akif \u0130nan E\u011fitim ve Ara\u015ft\u0131rma Hastanesi\u2019nde tedavi alt\u0131na al\u0131nm\u0131\u015ft\u0131.<\/p>\n<p>\u0130yi Parti Ankara Milletvekili Dr. Ahmet E\u015fref Fak\u0131baba, hastanede yatan yaral\u0131 \u00f6\u011frencileri ve ailelerini ziyaret ederek ge\u00e7mi\u015f olsun dileklerini iletti. Hastane bah\u00e7esinde bekleyen di\u011fer hasta yak\u0131nlar\u0131yla da bir araya gelen Fak\u0131baba, t\u00fcm yaral\u0131lara acil \u015fifalar diledi.<\/p>\n<p><img loading=\"lazy\" decoding=\"async\" alt=\"G\u00f6rsel\" class=\"mx-auto max-w-full h-auto shadow-sm\" height=\"516\" src=\"https:\/\/www.urfahaber.com\/images\/uploads\/2026\/04\/fakibaba-ara1-69ee0721727e9.jpg\" width=\"832\" \/><\/p>\n<p>Fak\u0131baba, ziyaretle ilgili sosyal medya hesab\u0131ndan yapt\u0131\u011f\u0131 payla\u015f\u0131mda \u015fu ifadeleri kulland\u0131; \u201cSiverek\u2019teki okul sald\u0131r\u0131s\u0131nda yaralanarak \u015eanl\u0131urfa Mehmet Akif \u0130nan E\u011fitim ve Ara\u015ft\u0131rma Hastanesi\u2019nde tedavi alt\u0131na al\u0131nan \u00f6\u011frencilerimizi ve ailelerini ziyaret ettim. Hastane bah\u00e7esinde bekleyen di\u011fer hasta yak\u0131nlar\u0131m\u0131zla da bir araya gelerek ge\u00e7mi\u015f olsun dileklerimizi ilettik. Bu vesileyle t\u00fcm hastalar\u0131m\u0131za ge\u00e7mi\u015f olsun dileklerimi iletiyor, Rabbimden acil \u015fifalar diliyorum.\u201d<\/p>\n<p>Siverek\u2019teki sald\u0131r\u0131da toplam 16 ki\u015fi yaralanm\u0131\u015ft\u0131.<\/p>\n<p><img loading=\"lazy\" decoding=\"async\" alt=\"G\u00f6rsel\" class=\"mx-auto max-w-full h-auto shadow-sm\" height=\"644\" src=\"https:\/\/www.urfahaber.com\/images\/uploads\/2026\/04\/fakibaba-ara2-69ee07312b0e4.jpg\" width=\"858\" \/><\/p>\n","protected":false},"excerpt":{"rendered":"<p>\u015eanl\u0131urfa\u2019n\u0131n Siverek il\u00e7esinde 14 Nisan 2026 tarihinde Ahmet Koyuncu Mesleki ve Teknik Anadolu Lisesi\u2019nde meydana&#8230;<\/p>\n","protected":false},"author":1,"featured_media":8493,"comment_status":"closed","ping_status":"open","sticky":false,"template":"","format":"standard","meta":{"footnotes":""},"categories":[1],"tags":[],"class_list":["post-8492","post","type-post","status-publish","format-standard","has-post-thumbnail","hentry","category-gundem"],"_links":{"self":[{"href":"https:\/\/haberadmin.com\/index.php?rest_route=\/wp\/v2\/posts\/8492","targetHints":{"allow":["GET"]}}],"collection":[{"href":"https:\/\/haberadmin.com\/index.php?rest_route=\/wp\/v2\/posts"}],"about":[{"href":"https:\/\/haberadmin.com\/index.php?rest_route=\/wp\/v2\/types\/post"}],"author":[{"embeddable":true,"href":"https:\/\/haberadmin.com\/index.php?rest_route=\/wp\/v2\/users\/1"}],"replies":[{"embeddable":true,"href":"https:\/\/haberadmin.com\/index.php?rest_route=%2Fwp%2Fv2%2Fcomments&post=8492"}],"version-history":[{"count":0,"href":"https:\/\/haberadmin.com\/index.php?rest_route=\/wp\/v2\/posts\/8492\/revisions"}],"wp:featuredmedia":[{"embeddable":true,"href":"https:\/\/haberadmin.com\/index.php?rest_route=\/wp\/v2\/media\/8493"}],"wp:attachment":[{"href":"https:\/\/haberadmin.com\/index.php?rest_route=%2Fwp%2Fv2%2Fmedia&parent=8492"}],"wp:term":[{"taxonomy":"category","embeddable":true,"href":"https:\/\/haberadmin.com\/index.php?rest_route=%2Fwp%2Fv2%2Fcategories&post=8492"},{"taxonomy":"post_tag","embeddable":true,"href":"https:\/\/haberadmin.com\/index.php?rest_route=%2Fwp%2Fv2%2Ftags&post=8492"}],"curies":[{"name":"wp","href":"https:\/\/api.w.org\/{rel}","templated":true}]}}