{"id":8473,"date":"2026-04-26T07:07:16","date_gmt":"2026-04-26T07:07:16","guid":{"rendered":"https:\/\/haberadmin.com\/?p=8473"},"modified":"2026-04-26T07:07:16","modified_gmt":"2026-04-26T07:07:16","slug":"tuyler-urperten-olay-ise-basladigi-4uncu-gun-feci-sekilde-katledildi","status":"publish","type":"post","link":"https:\/\/haberadmin.com\/?p=8473","title":{"rendered":"T\u00fcyler \u00fcrperten olay! \u0130\u015fe ba\u015flad\u0131\u011f\u0131 4&#8217;\u00fcnc\u00fc g\u00fcn feci \u015fekilde katledildi"},"content":{"rendered":"<p>Mersin&#8217;den Hatay&#8217;a \u015fantiyede i\u015f\u00e7i olarak \u00e7al\u0131\u015fmaya gelen 19 ya\u015f\u0131ndaki \u0130brahim Ya\u015far, Antakya il\u00e7esi Emek Mahallesi&#8217;nde bir in\u015faatta \u00e7al\u0131\u015fmaya ba\u015flam\u0131\u015ft\u0131. Hayat\u0131nda ilk kez bir i\u015fte \u00e7al\u0131\u015fan Ya\u015far&#8217;\u0131n yatakhane olarak kulland\u0131\u011f\u0131 konteyner 8 Mart tarihinde alevlere teslim olarak yand\u0131. Yang\u0131nda 19 ya\u015f\u0131ndaki \u0130brahim Ya\u015far, alevlerin i\u00e7erisinde kalarak can verirken ayn\u0131 konteynerde kald\u0131\u011f\u0131 M.A.\u00d6. ise yaraland\u0131. Ya\u015far&#8217;\u0131n hayat\u0131n\u0131 kaybetti\u011fi yang\u0131nla ilgili y\u00fcr\u00fct\u00fclen \u00e7al\u0131\u015fmada ayn\u0131 \u015fantiyede \u00e7al\u0131\u015fan i\u015f\u00e7iler 26 ya\u015f\u0131ndaki M.K. ve 33 ya\u015f\u0131ndaki B.S. mahkemece g\u00f6zalt\u0131na al\u0131narak tutukland\u0131. Yang\u0131n suretiyle tasarlayarak kasten \u00f6ld\u00fcrme su\u00e7undan a\u00e7\u0131lan mahkemede ilk duru\u015fma 20 Nisan tarihinde Hatay 4. A\u011f\u0131r Ceza Mahkemesi&#8217;nde g\u00f6r\u00fcld\u00fc. \u0130ddianamede yer alan kamera kay\u0131tlar\u0131nda; olay g\u00fcn\u00fc saat 06.40 s\u0131ralar\u0131nda B.S. ve M.K.&#8217;nin birlikte akaryak\u0131t istasyonundan 5 litrelik pet \u015fi\u015feyle yak\u0131t ald\u0131\u011f\u0131 g\u00f6r\u00fcnt\u00fcler yer ald\u0131. \u0130tfaiye raporlar\u0131ndaysa yang\u0131n\u0131n s\u00f6nd\u00fcr\u00fclmeden at\u0131lan veya unutulan herhangi bir ate\u015f sonucu \u00e7\u0131kt\u0131\u011f\u0131 yer ald\u0131.<\/p>\n<p><img loading=\"lazy\" decoding=\"async\" alt=\"G\u00f6rsel\" class=\"mx-auto max-w-full h-auto shadow-sm\" height=\"623\" src=\"https:\/\/www.urfahaber.com\/images\/uploads\/2026\/04\/cccccccccccc-69edb69d607a7.jpg\" width=\"830\" \/><\/p>\n<p>Olayda yaralanan M.A.\u00d6. ifadesinde, B.S. isimli \u015fahs\u0131 olaydan 1 g\u00fcn \u00f6nce gece saatlerinde telefonla konu\u015furken uyard\u0131\u011f\u0131n\u0131 ve daha sonras\u0131nda olay\u0131n \u015f\u00fcphelisi 2 \u015fah\u0131sla birlikte kahve i\u00e7tiklerini belirterek olay esnas\u0131nda M.K.&#8217;nin konteynerin kap\u0131s\u0131n\u0131 a\u00e7arak selam verdi\u011fini, ard\u0131ndan B.S.&#8217;nin konteynerin i\u00e7erisine yanan bezi att\u0131\u011f\u0131n\u0131 ve ard\u0131ndan benzini yere f\u0131rlatt\u0131\u011f\u0131n\u0131 s\u00f6yledi.<\/p>\n<h2>&#8220;\u0130LK \u00c7ALI\u015eTI\u011eI \u0130\u015e\u0130N\u0130N D\u00d6RD\u00dcNC\u00dc G\u00dcN\u00dcNDE O\u011eLUM KATLED\u0130LD\u0130&#8221;<\/h2>\n<p>Evlad\u0131n\u0131n ilk \u00e7al\u0131\u015ft\u0131\u011f\u0131 i\u015finde 4&#8217;\u00fcnc\u00fc g\u00fcn can verdi\u011fini ifade eden ac\u0131l\u0131 baba Vedat Ya\u015far, &#8220;O\u011flum \u0130brahim Ya\u015far, 4 Mart 2025 y\u0131l\u0131nda Hatay&#8217;a \u00e7al\u0131\u015fmaya geldi. Orada bir \u015firkette su tesisat\u00e7\u0131 olarak \u00e7al\u0131\u015fmaya geldi. \u0130brahim&#8217;i 8 Mart&#8217;ta iki ki\u015fi \u00fcst\u00fcne benzin d\u00f6k\u00fcp canice yakt\u0131lar. Tan\u0131mad\u0131\u011f\u0131m\u0131z \u015fah\u0131slard\u0131 ve o \u015fah\u0131slarla biz hayat\u0131m\u0131zda ne ayn\u0131 \u015fehirde ya\u015fad\u0131k ne de tan\u0131\u015f\u0131kl\u0131\u011f\u0131m\u0131z var. Bunlar\u0131n ni\u00e7in, ne sebeple o\u011flumu yakt\u0131klar\u0131n\u0131 ben de bilmiyorum. Benim o\u011flum da ma\u011fdur ailelerin bir bireyidir. Biz o\u011flumun adaletinin sa\u011flanmas\u0131 i\u00e7in buraday\u0131z ve bug\u00fcn burada umar\u0131m adalet yerini bulur. Benim o\u011flum liseyi bitirdi. O\u011flum resimde kald\u0131\u011f\u0131 gibi duruyor, hayat\u0131 boyunca o\u011flumun g\u00fcl\u00fcmsemesi eksik olmad\u0131. Hayat\u0131 boyunca evde evcil hayvan\u0131 eksilmedi ve o\u011flum \u00e7ocuklar\u0131 \u00e7ok severdi. O\u011flum hayat\u0131nda hi\u00e7 \u00e7al\u0131\u015fmad\u0131, ilk \u00e7al\u0131\u015ft\u0131\u011f\u0131 i\u015finin d\u00f6rd\u00fcnc\u00fc g\u00fcn\u00fcnde o\u011flum katledildi. \u0130brahim&#8217;i ben anlatamam, anlatmak i\u00e7in \u0130brahim&#8217;le ya\u015famak laz\u0131m&#8221; dedi.<\/p>\n<p><img loading=\"lazy\" decoding=\"async\" alt=\"G\u00f6rsel\" class=\"mx-auto max-w-full h-auto shadow-sm\" height=\"725\" src=\"https:\/\/www.urfahaber.com\/images\/uploads\/2026\/04\/canavar-aar2-69edb6b1d5b88.jpg\" width=\"854\" \/><\/p>\n<h2>&#8220;5 L\u0130TREL\u0130K B\u0130R B\u0130DONA BENZ\u0130N DOLDURMU\u015eLAR &#8220;<\/h2>\n<p>Evlad\u0131n\u0131n kald\u0131\u011f\u0131 konteynerde yanarak \u00f6ld\u00fc\u011f\u00fcn\u00fc ve canilerin cezalar\u0131n\u0131 \u00e7ekmesini istedi\u011fini dile getiren Vedat Ya\u015far, &#8220;Bu \u015fah\u0131slar petrolden gidip, 5 litre benzin alm\u0131\u015flar ve kay\u0131tlarda var. 5 litrelik bir bidona doldurmu\u015flar, a\u011fz\u0131na molotof \u015feklinde bez koyup yakm\u0131\u015flar. Molotof \u015feklinde konteynerin i\u00e7ine atm\u0131\u015flar. \u00c7ocuklar\u0131n \u00fczerine kap\u0131y\u0131 da kilitlemi\u015fler. Ben y\u00fcce T\u00fcrk devletinin adaletine inanmak istiyorum ve inanaca\u011f\u0131m da. Umar\u0131m adalet yerini bulur. \u0130brahim i\u00e7in b\u00fct\u00fcn ma\u011fdur \u00e7ocuklar i\u00e7in emsal bir karar olur umar\u0131m. Biz art\u0131k kimsenin evlad\u0131n\u0131n yanmas\u0131n\u0131 istemiyoruz. B\u00fct\u00fcn canlar\u0131m\u0131z \u00e7ok de\u011ferli, hele ki \u00fclkemizin yeni nesil \u00e7ocuklar\u0131 bizim i\u00e7in en de\u011ferlisi. Umar\u0131m emsal bir karar \u00e7\u0131kar ve cezas\u0131zl\u0131ktan bu caniler cesaret almas\u0131nlar. Ba\u015fka evlatlar\u0131m\u0131z\u0131n can\u0131 yanmas\u0131n. \u0130brahim&#8217;i biz bir \u015fekilde hi\u00e7bir \u015fekilde geri getiremeyiz. Benim \u00fc\u00e7 \u00e7ocu\u011fum daha var. B\u00fct\u00fcn \u00e7ocuklar\u0131m\u0131n psikolojisi \u015fu an bozuk, ne i\u015fe gidebiliyorlar ne bir i\u015f yapabiliyorlar. Ailecek her g\u00fcn evimizden cenaze \u00e7\u0131k\u0131yor&#8221; ifadelerini kulland\u0131.<\/p>\n<p><img loading=\"lazy\" decoding=\"async\" alt=\"G\u00f6rsel\" class=\"mx-auto max-w-full h-auto shadow-sm\" height=\"811\" src=\"https:\/\/www.urfahaber.com\/images\/uploads\/2026\/04\/canavar-ara1-69edb6c0a7b02.jpg\" width=\"861\" \/><\/p>\n<p>Mahkeme heyeti, san\u0131klar\u0131n tutukluluk halinin devam\u0131na karar verdi. Yak\u0131t\u0131n al\u0131nd\u0131\u011f\u0131 istasyon hakk\u0131nda usuls\u00fcz sat\u0131\u015fa dair soru\u015fturma olup olmad\u0131\u011f\u0131na ili\u015fkin m\u00fczekkere yaz\u0131lmas\u0131na h\u00fckmeden heyet, davay\u0131 8 Temmuz&#8217;a erteledi.<\/p>\n<p>Kaynak: \u0130HA<\/p>\n","protected":false},"excerpt":{"rendered":"<p>Mersin&#8217;den Hatay&#8217;a \u015fantiyede i\u015f\u00e7i olarak \u00e7al\u0131\u015fmaya gelen 19 ya\u015f\u0131ndaki \u0130brahim Ya\u015far, Antakya il\u00e7esi Emek Mahallesi&#8217;nde&#8230;<\/p>\n","protected":false},"author":1,"featured_media":8474,"comment_status":"closed","ping_status":"open","sticky":false,"template":"","format":"standard","meta":{"footnotes":""},"categories":[1],"tags":[],"class_list":["post-8473","post","type-post","status-publish","format-standard","has-post-thumbnail","hentry","category-gundem"],"_links":{"self":[{"href":"https:\/\/haberadmin.com\/index.php?rest_route=\/wp\/v2\/posts\/8473","targetHints":{"allow":["GET"]}}],"collection":[{"href":"https:\/\/haberadmin.com\/index.php?rest_route=\/wp\/v2\/posts"}],"about":[{"href":"https:\/\/haberadmin.com\/index.php?rest_route=\/wp\/v2\/types\/post"}],"author":[{"embeddable":true,"href":"https:\/\/haberadmin.com\/index.php?rest_route=\/wp\/v2\/users\/1"}],"replies":[{"embeddable":true,"href":"https:\/\/haberadmin.com\/index.php?rest_route=%2Fwp%2Fv2%2Fcomments&post=8473"}],"version-history":[{"count":0,"href":"https:\/\/haberadmin.com\/index.php?rest_route=\/wp\/v2\/posts\/8473\/revisions"}],"wp:featuredmedia":[{"embeddable":true,"href":"https:\/\/haberadmin.com\/index.php?rest_route=\/wp\/v2\/media\/8474"}],"wp:attachment":[{"href":"https:\/\/haberadmin.com\/index.php?rest_route=%2Fwp%2Fv2%2Fmedia&parent=8473"}],"wp:term":[{"taxonomy":"category","embeddable":true,"href":"https:\/\/haberadmin.com\/index.php?rest_route=%2Fwp%2Fv2%2Fcategories&post=8473"},{"taxonomy":"post_tag","embeddable":true,"href":"https:\/\/haberadmin.com\/index.php?rest_route=%2Fwp%2Fv2%2Ftags&post=8473"}],"curies":[{"name":"wp","href":"https:\/\/api.w.org\/{rel}","templated":true}]}}