{"id":8468,"date":"2026-04-26T05:29:02","date_gmt":"2026-04-26T05:29:02","guid":{"rendered":"https:\/\/haberadmin.com\/?p=8468"},"modified":"2026-04-26T05:29:02","modified_gmt":"2026-04-26T05:29:02","slug":"tir-devrildi-yardim-icin-duran-araca-baska-bir-arac-carpti","status":"publish","type":"post","link":"https:\/\/haberadmin.com\/?p=8468","title":{"rendered":"T\u0131r devrildi: Yard\u0131m i\u00e7in duran araca ba\u015fka bir ara\u00e7 \u00e7arpt\u0131"},"content":{"rendered":"<p>Kaza, Aksaray &#8211; Konya Karayolu 18. kilometresinde meydana geldi. Edinilen bilgiye g\u00f6re, Aksaray\u2019dan Konya istikametine seyreden Mustafa C. (52) idaresindeki 42 AKK 368 plakal\u0131 Mercedes marka hayvan yemi y\u00fckl\u00fc t\u0131r, s\u00fcr\u00fcc\u00fcs\u00fcn\u00fcn direksiyon hakimiyetini kaybetmesi sonucu kontrolden \u00e7\u0131karak ref\u00fcje devrildi. Ayn\u0131 istikamette seyreden ve Bing\u00f6l\u2019den Manisa\u2019ya giden Mehmet Bing\u00f6l (53) y\u00f6netimindeki 06 FRZ 429 plakal\u0131 Citroen marka ara\u00e7 s\u00fcr\u00fcc\u00fcs\u00fc, kazay\u0131 g\u00f6r\u00fcnce yard\u0131m etmek amac\u0131yla d\u00f6rtl\u00fc fla\u015f\u00f6rlerini yakarak yolun sa\u011f\u0131na park etti.<\/p>\n<p><img loading=\"lazy\" decoding=\"async\" alt=\"G\u00f6rsel\" class=\"mx-auto max-w-full h-auto shadow-sm\" height=\"481\" src=\"https:\/\/www.urfahaber.com\/images\/uploads\/2026\/04\/11-69eda2270146d.jpg\" width=\"907\" \/><\/p>\n<p>Ara\u00e7tan inmek istedi\u011fi s\u0131rada, yine ayn\u0131 istikamette seyreden G\u00f6khan T. (38) idaresindeki 68 AAY 367 plakal\u0131 Toyota marka otomobil, duran arac\u0131 fark etmeyerek arkadan \u00e7arpt\u0131. \u0130lk kazada t\u0131r s\u00fcr\u00fcc\u00fcs\u00fc Mustafa C. yaralan\u0131rken, meydana gelen ikinci kazada da arkadan \u00e7arpan Toyota marka ara\u00e7 s\u00fcr\u00fcc\u00fcs\u00fc G\u00f6khan T. ve ara\u00e7ta yolcu olarak bulunan Halil \u0130brahim T., Perihan T., Elif T. Abdullah T. olmak \u00fczere toplam 6 ki\u015fi yaraland\u0131.<\/p>\n<p><img loading=\"lazy\" decoding=\"async\" alt=\"G\u00f6rsel\" class=\"mx-auto max-w-full h-auto shadow-sm\" height=\"661\" src=\"https:\/\/www.urfahaber.com\/images\/uploads\/2026\/04\/33-69eda2338b18e.jpg\" width=\"850\" \/><\/p>\n<p>\u0130hbar \u00fczerine olay yerine \u00e7ok say\u0131da ambulans, jandarma ve polis ekibi sevk edildi. K\u0131sa s\u00fcrede olay yerine gelen sa\u011fl\u0131k ekipleri yaral\u0131lar\u0131 ambulanslarla Aksaray E\u011fitim ve Ara\u015ft\u0131rma Hastanesi Acil Servisine kald\u0131rd\u0131. Burada tedavi alt\u0131na al\u0131nan yaral\u0131lar\u0131n sa\u011fl\u0131k durumlar\u0131n\u0131n iyi oldu\u011fu \u00f6\u011frenilirken polis ve jandarma ekipleri kazayla ilgili inceleme ba\u015flatt\u0131.<\/p>\n<p><img loading=\"lazy\" decoding=\"async\" alt=\"G\u00f6rsel\" class=\"mx-auto max-w-full h-auto shadow-sm\" height=\"485\" src=\"https:\/\/www.urfahaber.com\/images\/uploads\/2026\/04\/22-69eda242e4b78.jpg\" width=\"1111\" \/><\/p>\n<p>Kazay\u0131 anlatan Citroen marka ara\u00e7 s\u00fcr\u00fcc\u00fcs\u00fc Mehmet Bing\u00f6l, &#8220;Ben bu yoldan geliyordum. Buraya gelince bakt\u0131m ara\u00e7 devrilmi\u015f. Onu g\u00f6r\u00fcnce d\u00f6rtl\u00fclerimi yak\u0131p durdum. Arkadan gelen ara\u00e7 h\u0131zla gelip bana vurdu. Vurman\u0131n etkisiyle buradan ters istikamete d\u00f6nd\u00fcm. Yard\u0131m etmek i\u00e7in durdum&#8221; dedi.<\/p>\n<p>Kaynak: \u0130HA<\/p>\n","protected":false},"excerpt":{"rendered":"<p>Kaza, Aksaray &#8211; Konya Karayolu 18. kilometresinde meydana geldi. Edinilen bilgiye g\u00f6re, Aksaray\u2019dan Konya istikametine&#8230;<\/p>\n","protected":false},"author":1,"featured_media":8469,"comment_status":"closed","ping_status":"open","sticky":false,"template":"","format":"standard","meta":{"footnotes":""},"categories":[1],"tags":[],"class_list":["post-8468","post","type-post","status-publish","format-standard","has-post-thumbnail","hentry","category-gundem"],"_links":{"self":[{"href":"https:\/\/haberadmin.com\/index.php?rest_route=\/wp\/v2\/posts\/8468","targetHints":{"allow":["GET"]}}],"collection":[{"href":"https:\/\/haberadmin.com\/index.php?rest_route=\/wp\/v2\/posts"}],"about":[{"href":"https:\/\/haberadmin.com\/index.php?rest_route=\/wp\/v2\/types\/post"}],"author":[{"embeddable":true,"href":"https:\/\/haberadmin.com\/index.php?rest_route=\/wp\/v2\/users\/1"}],"replies":[{"embeddable":true,"href":"https:\/\/haberadmin.com\/index.php?rest_route=%2Fwp%2Fv2%2Fcomments&post=8468"}],"version-history":[{"count":0,"href":"https:\/\/haberadmin.com\/index.php?rest_route=\/wp\/v2\/posts\/8468\/revisions"}],"wp:featuredmedia":[{"embeddable":true,"href":"https:\/\/haberadmin.com\/index.php?rest_route=\/wp\/v2\/media\/8469"}],"wp:attachment":[{"href":"https:\/\/haberadmin.com\/index.php?rest_route=%2Fwp%2Fv2%2Fmedia&parent=8468"}],"wp:term":[{"taxonomy":"category","embeddable":true,"href":"https:\/\/haberadmin.com\/index.php?rest_route=%2Fwp%2Fv2%2Fcategories&post=8468"},{"taxonomy":"post_tag","embeddable":true,"href":"https:\/\/haberadmin.com\/index.php?rest_route=%2Fwp%2Fv2%2Ftags&post=8468"}],"curies":[{"name":"wp","href":"https:\/\/api.w.org\/{rel}","templated":true}]}}