{"id":12860,"date":"2026-09-03T05:55:39","date_gmt":"2026-09-03T05:55:39","guid":{"rendered":"https:\/\/haberadmin.com\/?p=12860"},"modified":"2026-09-03T05:55:39","modified_gmt":"2026-09-03T05:55:39","slug":"sanliurfaspordan-orta-saha-icin-yeni-transfer","status":"publish","type":"post","link":"https:\/\/haberadmin.com\/?p=12860","title":{"rendered":"\u015eanl\u0131urfaspor\u2019dan orta saha i\u00e7in yeni transfer!"},"content":{"rendered":"<p>Nesine 2. Lig Beyaz Grup\u2019ta yeni sezon haz\u0131rl\u0131klar\u0131n\u0131 s\u00fcrd\u00fcren K\u0131z\u0131lkaya Tar\u0131m \u015eanl\u0131urfaspor, kadrosunu g\u00fc\u00e7lendirmeye devam ediyor. <\/p>\n","protected":false},"excerpt":{"rendered":"<p>Nesine 2. Lig Beyaz Grup\u2019ta yeni sezon haz\u0131rl\u0131klar\u0131n\u0131 s\u00fcrd\u00fcren K\u0131z\u0131lkaya Tar\u0131m \u015eanl\u0131urfaspor, kadrosunu g\u00fc\u00e7lendirmeye devam&#8230;<\/p>\n","protected":false},"author":1,"featured_media":0,"comment_status":"closed","ping_status":"open","sticky":false,"template":"","format":"standard","meta":{"footnotes":""},"categories":[1],"tags":[],"class_list":["post-12860","post","type-post","status-publish","format-standard","hentry","category-gundem"],"_links":{"self":[{"href":"https:\/\/haberadmin.com\/index.php?rest_route=\/wp\/v2\/posts\/12860","targetHints":{"allow":["GET"]}}],"collection":[{"href":"https:\/\/haberadmin.com\/index.php?rest_route=\/wp\/v2\/posts"}],"about":[{"href":"https:\/\/haberadmin.com\/index.php?rest_route=\/wp\/v2\/types\/post"}],"author":[{"embeddable":true,"href":"https:\/\/haberadmin.com\/index.php?rest_route=\/wp\/v2\/users\/1"}],"replies":[{"embeddable":true,"href":"https:\/\/haberadmin.com\/index.php?rest_route=%2Fwp%2Fv2%2Fcomments&post=12860"}],"version-history":[{"count":0,"href":"https:\/\/haberadmin.com\/index.php?rest_route=\/wp\/v2\/posts\/12860\/revisions"}],"wp:attachment":[{"href":"https:\/\/haberadmin.com\/index.php?rest_route=%2Fwp%2Fv2%2Fmedia&parent=12860"}],"wp:term":[{"taxonomy":"category","embeddable":true,"href":"https:\/\/haberadmin.com\/index.php?rest_route=%2Fwp%2Fv2%2Fcategories&post=12860"},{"taxonomy":"post_tag","embeddable":true,"href":"https:\/\/haberadmin.com\/index.php?rest_route=%2Fwp%2Fv2%2Ftags&post=12860"}],"curies":[{"name":"wp","href":"https:\/\/api.w.org\/{rel}","templated":true}]}}