{"id":12778,"date":"2026-08-31T20:05:38","date_gmt":"2026-08-31T20:05:38","guid":{"rendered":"https:\/\/haberadmin.com\/?p=12778"},"modified":"2026-08-31T20:05:38","modified_gmt":"2026-08-31T20:05:38","slug":"urfa-cezaevi-belgeseli-yalovada-finalist-oldu","status":"publish","type":"post","link":"https:\/\/haberadmin.com\/?p=12778","title":{"rendered":"Urfa Cezaevi belgeseli Yalova&#8217;da finalist oldu"},"content":{"rendered":"<p>Gazeteci Ali G\u00fczel&#8217;in \u00e7ekti\u011fi Urfa Cezaevi | Bir Haf\u0131zan\u0131n Y\u0131k\u0131m\u0131 belgeseli, Yalova Uluslararas\u0131 Film Festivalinde finalist oldu. <\/p>\n","protected":false},"excerpt":{"rendered":"<p>Gazeteci Ali G\u00fczel&#8217;in \u00e7ekti\u011fi Urfa Cezaevi | Bir Haf\u0131zan\u0131n Y\u0131k\u0131m\u0131 belgeseli, Yalova Uluslararas\u0131 Film Festivalinde&#8230;<\/p>\n","protected":false},"author":1,"featured_media":0,"comment_status":"closed","ping_status":"open","sticky":false,"template":"","format":"standard","meta":{"footnotes":""},"categories":[1],"tags":[],"class_list":["post-12778","post","type-post","status-publish","format-standard","hentry","category-gundem"],"_links":{"self":[{"href":"https:\/\/haberadmin.com\/index.php?rest_route=\/wp\/v2\/posts\/12778","targetHints":{"allow":["GET"]}}],"collection":[{"href":"https:\/\/haberadmin.com\/index.php?rest_route=\/wp\/v2\/posts"}],"about":[{"href":"https:\/\/haberadmin.com\/index.php?rest_route=\/wp\/v2\/types\/post"}],"author":[{"embeddable":true,"href":"https:\/\/haberadmin.com\/index.php?rest_route=\/wp\/v2\/users\/1"}],"replies":[{"embeddable":true,"href":"https:\/\/haberadmin.com\/index.php?rest_route=%2Fwp%2Fv2%2Fcomments&post=12778"}],"version-history":[{"count":0,"href":"https:\/\/haberadmin.com\/index.php?rest_route=\/wp\/v2\/posts\/12778\/revisions"}],"wp:attachment":[{"href":"https:\/\/haberadmin.com\/index.php?rest_route=%2Fwp%2Fv2%2Fmedia&parent=12778"}],"wp:term":[{"taxonomy":"category","embeddable":true,"href":"https:\/\/haberadmin.com\/index.php?rest_route=%2Fwp%2Fv2%2Fcategories&post=12778"},{"taxonomy":"post_tag","embeddable":true,"href":"https:\/\/haberadmin.com\/index.php?rest_route=%2Fwp%2Fv2%2Ftags&post=12778"}],"curies":[{"name":"wp","href":"https:\/\/api.w.org\/{rel}","templated":true}]}}