{"id":12736,"date":"2026-08-30T15:55:10","date_gmt":"2026-08-30T15:55:10","guid":{"rendered":"https:\/\/haberadmin.com\/?p=12736"},"modified":"2026-08-30T15:55:10","modified_gmt":"2026-08-30T15:55:10","slug":"urfa-barosundan-trabzondaki-amedspor-olayina-tepki","status":"publish","type":"post","link":"https:\/\/haberadmin.com\/?p=12736","title":{"rendered":"Urfa Barosu&#8217;ndan Trabzon&#8217;daki Amedspor olay\u0131na tepki!"},"content":{"rendered":"<p>\u015eanl\u0131urfa Barosu, Trabzon&#8217;da Amedspor formas\u0131 giyen kad\u0131n\u0131n hedef al\u0131nmas\u0131 olay\u0131na ili\u015fkin a\u00e7\u0131klamada bulundu. <\/p>\n","protected":false},"excerpt":{"rendered":"<p>\u015eanl\u0131urfa Barosu, Trabzon&#8217;da Amedspor formas\u0131 giyen kad\u0131n\u0131n hedef al\u0131nmas\u0131 olay\u0131na ili\u015fkin a\u00e7\u0131klamada bulundu.<\/p>\n","protected":false},"author":1,"featured_media":0,"comment_status":"closed","ping_status":"open","sticky":false,"template":"","format":"standard","meta":{"footnotes":""},"categories":[1],"tags":[],"class_list":["post-12736","post","type-post","status-publish","format-standard","hentry","category-gundem"],"_links":{"self":[{"href":"https:\/\/haberadmin.com\/index.php?rest_route=\/wp\/v2\/posts\/12736","targetHints":{"allow":["GET"]}}],"collection":[{"href":"https:\/\/haberadmin.com\/index.php?rest_route=\/wp\/v2\/posts"}],"about":[{"href":"https:\/\/haberadmin.com\/index.php?rest_route=\/wp\/v2\/types\/post"}],"author":[{"embeddable":true,"href":"https:\/\/haberadmin.com\/index.php?rest_route=\/wp\/v2\/users\/1"}],"replies":[{"embeddable":true,"href":"https:\/\/haberadmin.com\/index.php?rest_route=%2Fwp%2Fv2%2Fcomments&post=12736"}],"version-history":[{"count":0,"href":"https:\/\/haberadmin.com\/index.php?rest_route=\/wp\/v2\/posts\/12736\/revisions"}],"wp:attachment":[{"href":"https:\/\/haberadmin.com\/index.php?rest_route=%2Fwp%2Fv2%2Fmedia&parent=12736"}],"wp:term":[{"taxonomy":"category","embeddable":true,"href":"https:\/\/haberadmin.com\/index.php?rest_route=%2Fwp%2Fv2%2Fcategories&post=12736"},{"taxonomy":"post_tag","embeddable":true,"href":"https:\/\/haberadmin.com\/index.php?rest_route=%2Fwp%2Fv2%2Ftags&post=12736"}],"curies":[{"name":"wp","href":"https:\/\/api.w.org\/{rel}","templated":true}]}}